{"id":59295,"date":"2018-12-28T10:22:12","date_gmt":"2018-12-28T09:22:12","guid":{"rendered":"https:\/\/hiver.monvtt.ch\/2018\/12\/28\/entre-montagnes-pierres-et-glaciers-le-vtt-en-alaska\/"},"modified":"2018-12-28T10:22:12","modified_gmt":"2018-12-28T09:22:12","slug":"entre-montagnes-pierres-et-glaciers-le-vtt-en-alaska","status":"publish","type":"post","link":"https:\/\/www.tracea.ch\/de\/blog\/entre-montagnes-pierres-et-glaciers-le-vtt-en-alaska\/","title":{"rendered":"Entre montagnes, pierres et glaciers, le VTT en Alaska"},"content":{"rendered":"<p>Kenny Belaey, le Belge multiple champion du Monde de Trial, a choisi une destination inhabituelle pour sa derni\u00e8re vid\u00e9o : l&rsquo;Alaska. Entre montagnes, pierres et glaciers, il nous emm\u00e8ne \u00e0 la d\u00e9couverte de paysages extraordinaires sous l&rsquo;\u0153il attentif de son fr\u00e8re Wesley qui s&rsquo;occupe des images (<a href=\"https:\/\/www.vojomag.com\/video\/kenny-belay-trial-en-alaska\/\" target=\"_blank\" rel=\"noopener noreferrer\">vid\u00e9o\/photos<\/a>).<\/p>\n<p><!--more--><\/p>\n<p>\u00a0<\/p>\n<p>Pour en savoir d&rsquo;avantage sur ce trip VTT, lisez l&rsquo;article complet dans le <a href=\"https:\/\/www.vojomag.com\/video\/kenny-belay-trial-en-alaska\/\" target=\"_blank\" rel=\"noopener noreferrer\">magasine VTT VOJO<\/a><\/p>","protected":false},"excerpt":{"rendered":"<p>Kenny Belaey, le Belge multiple champion du Monde de Trial, a choisi une destination inhabituelle pour sa derni\u00e8re vid\u00e9o : l&rsquo;Alaska. Entre montagnes, pierres et glaciers, il nous emm\u00e8ne \u00e0 la d\u00e9couverte de paysages extraordinaires sous l&rsquo;\u0153il attentif de son fr\u00e8re Wesley qui s&rsquo;occupe des images (vid\u00e9o\/photos).<\/p>","protected":false},"author":1,"featured_media":0,"comment_status":"open","ping_status":"open","sticky":false,"template":"","format":"standard","meta":{"footnotes":""},"categories":[801],"tags":[808],"class_list":["post-59295","post","type-post","status-publish","format-standard","hentry","category-blog","tag-actualites"],"_links":{"self":[{"href":"https:\/\/www.tracea.ch\/de\/wp-json\/wp\/v2\/posts\/59295","targetHints":{"allow":["GET"]}}],"collection":[{"href":"https:\/\/www.tracea.ch\/de\/wp-json\/wp\/v2\/posts"}],"about":[{"href":"https:\/\/www.tracea.ch\/de\/wp-json\/wp\/v2\/types\/post"}],"author":[{"embeddable":true,"href":"https:\/\/www.tracea.ch\/de\/wp-json\/wp\/v2\/users\/1"}],"replies":[{"embeddable":true,"href":"https:\/\/www.tracea.ch\/de\/wp-json\/wp\/v2\/comments?post=59295"}],"version-history":[{"count":0,"href":"https:\/\/www.tracea.ch\/de\/wp-json\/wp\/v2\/posts\/59295\/revisions"}],"wp:attachment":[{"href":"https:\/\/www.tracea.ch\/de\/wp-json\/wp\/v2\/media?parent=59295"}],"wp:term":[{"taxonomy":"category","embeddable":true,"href":"https:\/\/www.tracea.ch\/de\/wp-json\/wp\/v2\/categories?post=59295"},{"taxonomy":"post_tag","embeddable":true,"href":"https:\/\/www.tracea.ch\/de\/wp-json\/wp\/v2\/tags?post=59295"}],"curies":[{"name":"wp","href":"https:\/\/api.w.org\/{rel}","templated":true}]}}