{"id":59297,"date":"2018-12-10T10:22:12","date_gmt":"2018-12-10T09:22:12","guid":{"rendered":"https:\/\/hiver.monvtt.ch\/2018\/12\/10\/un-guide-vtt-pour-vous-aider-a-progresser-en-vtt-coaching\/"},"modified":"2026-08-23T11:22:42","modified_gmt":"2026-08-23T11:22:42","slug":"un-guide-vtt-pour-vous-aider-a-progresser-en-vtt-coaching","status":"publish","type":"post","link":"https:\/\/www.tracea.ch\/de\/blog\/un-guide-vtt-pour-vous-aider-a-progresser-en-vtt-coaching\/","title":{"rendered":"Un guide VTT pour vous aider \u00e0 progresser &#8211; Cours &#038; Coaching"},"content":{"rendered":"<p>Trouvez un cours de coaching en pilotage de VTT, sp\u00e9cialit\u00e9 Cross Country dans le Jura Vaudois : un guide tout \u00e0 votre \u00e9coute pour vous aider \u00e0 progresser et \u00e0 vous d\u00e9passer !<\/p>\n<p>Enduro, Cross-country, DH ou encore \u00e9lectrique, c&rsquo;est vous qui d\u00e9cidez !<\/p>\n<p>Vous souhaitez b\u00e9n\u00e9ficier d&rsquo;une \u00e9coute attentive et de conseils tr\u00e8s personnalis\u00e9s, ce cours est fait pour vous.<\/p>\n<p>Un premier entretien t\u00e9l\u00e9phonique nous permettra d&rsquo;expliquer votre besoin et de pr\u00e9parer au mieux notre cours. La dur\u00e9e habituelle de ce cours varie de 2 \u00e0 3 heures.<\/p>\n<p>\u00a0<\/p>\n<p><!--more--><\/p>\n<h2>\u00a0Cette\u00a0session de coaching en bref<\/h2>\n<div style=\"width: 100%; height: auto; padding-bottom: 40px; display: inline-block;\">\n<div style=\"width: 50%; float: right;\"> Progression\u00a0adapt\u00e9e<\/p>\n<hr>\n<p><img decoding=\"async\" class=\"size-full wp-image-6039\" src=\"https:\/\/guide-vtt.ch\/wp-content\/uploads\/2018\/12\/picto-velo-VTT.png\" alt=\"progresser en Cross Country\" width=\"50\" height=\"50\"> Sortie \u00e0 partir de120 chf<\/div>\n<div style=\"width: 50%; float: left;\"><img decoding=\"async\" class=\"size-full wp-image-6040\" src=\"https:\/\/guide-vtt.ch\/wp-content\/uploads\/2018\/12\/picto-groupe-vtt.png\" alt=\"progresser en Cross Country\" width=\"50\" height=\"50\"> Maximum 1 pers., \u00e0 partir de 14 ans<\/p>\n<hr>\n<p><img decoding=\"async\" class=\"size-full wp-image-6041\" src=\"https:\/\/guide-vtt.ch\/wp-content\/uploads\/2018\/12\/picto-duree-vtt.png\" alt=\"progresser en Cross Country\" width=\"50\" height=\"50\">\u00a02 heures d&rsquo;activit\u00e9<\/div>\n<\/div>\n<p>\u00a0<\/p>\n<h2>Ce que nos\u00a0stagiaires pilotes en pensent\u00a0:<\/h2>\n<p>{loadmoduleid 100}<\/p>\n<p>\u00a0<\/p>\n<h2>Un cours de coaching en VTT Cross Country ?<\/h2>\n<p>Trouvez un cours de coaching en pilotage de VTT, dans le Jura Vaudois : Sur des sentiers insolites \u00e0 travers toute la Suisse, et particuli\u00e8rement le Jura Vaudois, versant Suisse ou Fran\u00e7ais. Nous pourrons choisir ensemble un itin\u00e9raire qui correspond \u00e0 votre niveau de forme.<br \/>En choisissant tracea.ch, vous poserez vos roues sur des traces peu fr\u00e9quent\u00e9es, non r\u00e9pertori\u00e9es, mais 100% plaisir cr\u00e9\u00e9es avec passion par votre guide moniteur..<\/p>\n<p>\u00a0<\/p>\n<p>\u00a0<\/p>\n<div id=\"reserv\">\u00a0<\/div>\n<h2>R\u00e9servation en ligne<\/h2>\n<p><script class=\"mra_script_iframe\" async src=\"https:\/\/booking.myrezapp.com\/bundles\/myrezappdashboard\/js\/Embed\/myrezapp_3rdparty_iframe.js\" data-key=\"210293f660a6237b480ec2ded2235d65\" data-id=\"mra_iframe_content_service21405\" data-lang=\"fr\" data-mode=\"service\" data-service=\"21405\" data-height=\"600px\"><\/script><\/p>\n<div id=\"mra_iframe_content_service21405\"><\/div>\n<p>\u00a0<\/p>\n<h2>Ce que\u00a0notre guide en pense :\u00a0<\/h2>\n<p>{loadmoduleid 184}<\/p>\n<p>\u00a0<\/p>\n<h2>Nous joindre ou nous rejoindre :\u00a0<\/h2>\n<p>{loadmoduleid 162}<\/p>\n<p>\u00a0<\/p>\n<h2>D&rsquo;autres cours de VTT<\/h2>\n<p>{loadmoduleid 164}<\/p>\n<p>\u00a0<\/p>\n<h2>Les derni\u00e8res actus du pilotage VTT<\/h2>\n<p>{loadmoduleid 98}<\/p>\n<p>\u00a0<\/p>","protected":false},"excerpt":{"rendered":"<p>Trouvez un cours de coaching en pilotage de VTT, sp\u00e9cialit\u00e9 Cross Country dans le Jura Vaudois : un guide tout \u00e0 votre \u00e9coute pour vous aider \u00e0 progresser et \u00e0 vous d\u00e9passer ! Enduro, Cross-country, DH ou encore \u00e9lectrique, c&rsquo;est vous qui d\u00e9cidez ! Vous souhaitez b\u00e9n\u00e9ficier d&rsquo;une \u00e9coute attentive et de conseils tr\u00e8s personnalis\u00e9s, [&hellip;]<\/p>\n","protected":false},"author":1,"featured_media":59411,"comment_status":"open","ping_status":"open","sticky":false,"template":"","format":"standard","meta":{"footnotes":""},"categories":[801],"tags":[802],"class_list":["post-59297","post","type-post","status-publish","format-standard","has-post-thumbnail","hentry","category-blog","tag-sorties-excursions"],"_links":{"self":[{"href":"https:\/\/www.tracea.ch\/de\/wp-json\/wp\/v2\/posts\/59297","targetHints":{"allow":["GET"]}}],"collection":[{"href":"https:\/\/www.tracea.ch\/de\/wp-json\/wp\/v2\/posts"}],"about":[{"href":"https:\/\/www.tracea.ch\/de\/wp-json\/wp\/v2\/types\/post"}],"author":[{"embeddable":true,"href":"https:\/\/www.tracea.ch\/de\/wp-json\/wp\/v2\/users\/1"}],"replies":[{"embeddable":true,"href":"https:\/\/www.tracea.ch\/de\/wp-json\/wp\/v2\/comments?post=59297"}],"version-history":[{"count":1,"href":"https:\/\/www.tracea.ch\/de\/wp-json\/wp\/v2\/posts\/59297\/revisions"}],"predecessor-version":[{"id":60058,"href":"https:\/\/www.tracea.ch\/de\/wp-json\/wp\/v2\/posts\/59297\/revisions\/60058"}],"wp:featuredmedia":[{"embeddable":true,"href":"https:\/\/www.tracea.ch\/de\/wp-json\/wp\/v2\/media\/59411"}],"wp:attachment":[{"href":"https:\/\/www.tracea.ch\/de\/wp-json\/wp\/v2\/media?parent=59297"}],"wp:term":[{"taxonomy":"category","embeddable":true,"href":"https:\/\/www.tracea.ch\/de\/wp-json\/wp\/v2\/categories?post=59297"},{"taxonomy":"post_tag","embeddable":true,"href":"https:\/\/www.tracea.ch\/de\/wp-json\/wp\/v2\/tags?post=59297"}],"curies":[{"name":"wp","href":"https:\/\/api.w.org\/{rel}","templated":true}]}}