{"id":59305,"date":"2018-12-10T10:22:12","date_gmt":"2018-12-10T09:22:12","guid":{"rendered":"https:\/\/hiver.monvtt.ch\/2018\/12\/10\/avis-monvtt-ch-6\/"},"modified":"2026-08-28T19:58:18","modified_gmt":"2026-08-28T19:58:18","slug":"avis-monvtt-ch-6","status":"publish","type":"post","link":"https:\/\/www.tracea.ch\/de\/uncategorized\/avis-monvtt-ch-6\/","title":{"rendered":"Tr\u00e8s belle sortie VTT en famille"},"content":{"rendered":"<p>Tr\u00e8s belle sortie en famille. Nous avons d\u00e9couvert une r\u00e9gion que nous pensions connaitre. La pluie n&rsquo;a pas g\u00e2ch\u00e9 notre journ\u00e9e et nous recommandons vivement tracea.ch<\/p>\n<p>Bonne continuation !<\/p>\n<p><!--more--><\/p>\n<p>Tr\u00e8s belle sortie en famille. Nous avons d\u00e9couvert une r\u00e9gion que nous pensions connaitre. La pluie n&rsquo;a pas g\u00e2ch\u00e9 notre journ\u00e9e et nous recommandons vivement tracea.ch<\/p>\n<p>Bonne continuation !<\/p>","protected":false},"excerpt":{"rendered":"<p>Tr\u00e8s belle sortie en famille. Nous avons d\u00e9couvert une r\u00e9gion que nous pensions connaitre. La pluie n&rsquo;a pas g\u00e2ch\u00e9 notre journ\u00e9e et nous recommandons vivement tracea.ch Bonne continuation !<\/p>","protected":false},"author":1,"featured_media":0,"comment_status":"open","ping_status":"open","sticky":false,"template":"","format":"standard","meta":{"footnotes":""},"categories":[1],"tags":[1026],"class_list":["post-59305","post","type-post","status-publish","format-standard","hentry","category-uncategorized","tag-avis-clients"],"_links":{"self":[{"href":"https:\/\/www.tracea.ch\/de\/wp-json\/wp\/v2\/posts\/59305","targetHints":{"allow":["GET"]}}],"collection":[{"href":"https:\/\/www.tracea.ch\/de\/wp-json\/wp\/v2\/posts"}],"about":[{"href":"https:\/\/www.tracea.ch\/de\/wp-json\/wp\/v2\/types\/post"}],"author":[{"embeddable":true,"href":"https:\/\/www.tracea.ch\/de\/wp-json\/wp\/v2\/users\/1"}],"replies":[{"embeddable":true,"href":"https:\/\/www.tracea.ch\/de\/wp-json\/wp\/v2\/comments?post=59305"}],"version-history":[{"count":1,"href":"https:\/\/www.tracea.ch\/de\/wp-json\/wp\/v2\/posts\/59305\/revisions"}],"predecessor-version":[{"id":60062,"href":"https:\/\/www.tracea.ch\/de\/wp-json\/wp\/v2\/posts\/59305\/revisions\/60062"}],"wp:attachment":[{"href":"https:\/\/www.tracea.ch\/de\/wp-json\/wp\/v2\/media?parent=59305"}],"wp:term":[{"taxonomy":"category","embeddable":true,"href":"https:\/\/www.tracea.ch\/de\/wp-json\/wp\/v2\/categories?post=59305"},{"taxonomy":"post_tag","embeddable":true,"href":"https:\/\/www.tracea.ch\/de\/wp-json\/wp\/v2\/tags?post=59305"}],"curies":[{"name":"wp","href":"https:\/\/api.w.org\/{rel}","templated":true}]}}