{"id":59319,"date":"2019-02-17T17:53:16","date_gmt":"2019-02-17T16:53:16","guid":{"rendered":"https:\/\/hiver.monvtt.ch\/2019\/02\/17\/bike-park-metabief-presentation\/"},"modified":"2026-08-23T11:22:42","modified_gmt":"2026-08-23T11:22:42","slug":"bike-park-metabief-presentation","status":"publish","type":"post","link":"https:\/\/www.tracea.ch\/de\/blog\/bike-park-metabief-presentation\/","title":{"rendered":"Bike Park M\u00e9tabief &#8211; Pr\u00e9sentation"},"content":{"rendered":"<p>La station de M\u00e9tabief, situ\u00e9e dans les Montagnes du Jura, est l\u2019une des premi\u00e8res stations \u00e0 ouvrir son domaine VTT : d\u00e9but de la saison estivale le samedi 5 Mai prochain.\u00a0<\/p>\n<p>M\u00e9tabief c\u2019est du VTT pour tous avec :<\/p>\n<p>25 km de <a href=\"https:\/\/guide-vtt.ch\/?p=6044\" target=\"_blank\" rel=\"noopener\">VTT de descente<\/a> tous niveaux<br \/>Pour les amateurs de VTT de descente mieux vaut bien\u00a0s\u2019accrocher au guidon de son VTT pour d\u00e9valer les 20 km de\u00a0pistes noires, bleues et rouges avec un d\u00e9nivel\u00e9 n\u00e9gatif de\u00a0420m.<br \/>M\u00e9tabief c\u2019est aussi LA station familiale par excellence avec\u00a0sa piste verte de descente Bike\u2019All; toute en rondeur sur 5\u00a0km et 420m de d\u00e9nivel\u00e9 en pente douce, elle permet au plus\u00a0grand nombre de s\u2019initier \u00e0 la descente avec des\u00a0am\u00e9nagements praticables par tous.<\/p>\n<p>Pour une d\u00e9couverte de la station \u00e0 travers ses pistes de descentes, contactez votre guide tracea.ch : <a href=\"\/de\/contacter-votre-moniteur-guide-de-vtt-jura-suisse.html\/\">Guide VTT<\/a><\/p>\n<p>6 parcours enduro<br \/>Les parcours Enduro Mythique, accessibles librement, sont sp\u00e9cialement am\u00e9nag\u00e9s pour s\u2019initier ou se<br \/>perfectionner \u00e0 la pratique du pilotage VTT.<\/p>\n<p>4 parcours cross-country<br \/>56 km de circuits Cross-Country traversent la station labellis\u00e9e VTT\/FFC, dont un circuit sur les Cr\u00eates du<br \/>Mont d\u2019Or qui permet de rouler face aux Alpes : panorama garanti !<\/p>\n<p>Ecole VTT labellis\u00e9e MCF<br \/>Encadr\u00e9e par des moniteurs professionnels, l\u2019\u00e9cole VTT MCF de M\u00e9tabief propose 3 niveaux de cours du<br \/>d\u00e9butant (\u00e0 partir de 6 ans) au confirm\u00e9 (y compris adulte).<br \/>Possibilit\u00e9 de stage \u00e9volutif avec passage des tests MCF Biclou et Biker.<br \/>Egalement randonn\u00e9es d\u00e9couvertes, sorties journ\u00e9es et cours particuliers.<\/p>\n<p>Il y a aussi<br \/>Un Pump Track :<br \/>Ce circuit bossel\u00e9 en bois avec des virages relev\u00e9s permet au plus grand nombre de tourner sur un petit anneau. Il est situ\u00e9 \u00e0 c\u00f4t\u00e9 du Jura Kid Park et permet de s&rsquo;initier aux techniques de base du pilotage du VTT.<\/p>\n<p>Le Jura Kid Park :<br \/>Il s&rsquo;agit d&rsquo;une zone d&rsquo;apprentissage du VTT pour les petits qui d\u00e9butent. En acc\u00e8s libre, elle favorise l&rsquo;apprentissage du v\u00e9lo.<\/p>\n<p>\u00a0<\/p>\n<p>\u00a0<\/p>\n<\/p>\n<p>Site web : <a href=\"http:\/\/www.station-metabief.com%C2%A0\">www.station-metabief.com\u00a0<\/a><\/p>\n<p>Plus d&rsquo;infos :\u00a0<a href=\"https:\/\/www.26in.fr\/spots\/metabief-1\/\" target=\"_blank\" rel=\"noopener\">https:\/\/www.26in.fr\/spots\/metabief-1\/<\/a><\/p>","protected":false},"excerpt":{"rendered":"<p>La station de M\u00e9tabief, situ\u00e9e dans les Montagnes du Jura, est l\u2019une des premi\u00e8res stations \u00e0 ouvrir son domaine VTT : d\u00e9but de la saison estivale le samedi 5 Mai prochain.\u00a0 M\u00e9tabief c\u2019est du VTT pour tous avec : 25 km de VTT de descente tous niveauxPour les amateurs de VTT de descente mieux vaut [&hellip;]<\/p>\n","protected":false},"author":1,"featured_media":59413,"comment_status":"open","ping_status":"open","sticky":false,"template":"","format":"standard","meta":{"footnotes":""},"categories":[801],"tags":[808],"class_list":["post-59319","post","type-post","status-publish","format-standard","has-post-thumbnail","hentry","category-blog","tag-actualites"],"_links":{"self":[{"href":"https:\/\/www.tracea.ch\/de\/wp-json\/wp\/v2\/posts\/59319","targetHints":{"allow":["GET"]}}],"collection":[{"href":"https:\/\/www.tracea.ch\/de\/wp-json\/wp\/v2\/posts"}],"about":[{"href":"https:\/\/www.tracea.ch\/de\/wp-json\/wp\/v2\/types\/post"}],"author":[{"embeddable":true,"href":"https:\/\/www.tracea.ch\/de\/wp-json\/wp\/v2\/users\/1"}],"replies":[{"embeddable":true,"href":"https:\/\/www.tracea.ch\/de\/wp-json\/wp\/v2\/comments?post=59319"}],"version-history":[{"count":1,"href":"https:\/\/www.tracea.ch\/de\/wp-json\/wp\/v2\/posts\/59319\/revisions"}],"predecessor-version":[{"id":60056,"href":"https:\/\/www.tracea.ch\/de\/wp-json\/wp\/v2\/posts\/59319\/revisions\/60056"}],"wp:featuredmedia":[{"embeddable":true,"href":"https:\/\/www.tracea.ch\/de\/wp-json\/wp\/v2\/media\/59413"}],"wp:attachment":[{"href":"https:\/\/www.tracea.ch\/de\/wp-json\/wp\/v2\/media?parent=59319"}],"wp:term":[{"taxonomy":"category","embeddable":true,"href":"https:\/\/www.tracea.ch\/de\/wp-json\/wp\/v2\/categories?post=59319"},{"taxonomy":"post_tag","embeddable":true,"href":"https:\/\/www.tracea.ch\/de\/wp-json\/wp\/v2\/tags?post=59319"}],"curies":[{"name":"wp","href":"https:\/\/api.w.org\/{rel}","templated":true}]}}