{"id":59322,"date":"2019-04-27T16:31:31","date_gmt":"2019-04-27T14:31:31","guid":{"rendered":"https:\/\/hiver.monvtt.ch\/2019\/04\/27\/session-cross-country-13-et-14-avril-2019\/"},"modified":"2026-08-23T11:22:42","modified_gmt":"2026-08-23T11:22:42","slug":"session-cross-country-13-et-14-avril-2019","status":"publish","type":"post","link":"https:\/\/www.tracea.ch\/de\/blog\/session-cross-country-13-et-14-avril-2019\/","title":{"rendered":"Session Cross-country &#8211; 13 et 14 avril 2019"},"content":{"rendered":"<p><span style=\"color: #333333;\">Retour en images sur notre week-end test du 13 et 14 avril.<\/span><\/p>\n<p><span style=\"color: #333333;\">C&rsquo;est sous un soleil radieux que les diff\u00e9rents groupes groupe ont suivi la trace de tracea.ch<\/span><\/p>\n<p><span style=\"color: #333333;\">La journ\u00e9e du samedi \u00e9tait consacr\u00e9e \u00e0 la session d\u00e9butant cross-country. Ce n&rsquo;est pas moins de 7 participants, jeunes ou moins jeunes qui se sont pris au jeu dans les bois du magnifique Jura Vaudois.<\/span><\/p>\n<p><span style=\"color: #333333;\">Le dimanche matin, c&rsquo;est encore\u00a0sous un soleil radieux que le groupe du jour a suivi la trace de tracea.ch. Un parcours sportif o\u00f9 chacun a d\u00e9pass\u00e9 ses limites en mont\u00e9e, et &#8230;.. en descente !<\/span><\/p>\n<p><span style=\"color: #333333;\">Ci-dessous les quelques commentaires d\u00e9pos\u00e9s sur les r\u00e9seaux sociaux :<\/span><\/p>\n<div class=\"x_nqvq6uebq m_nqvq6o1dr clearfix\">\n<div class=\"clearfix m_nqvq6uci1\">\n<div class=\"clearfix _42ef\">\n<div class=\"v_nqvq6uch-\">\n<div class=\"_6a _5u5j\">\n<p class=\"_6a _5u5j _6b\"><span style=\"color: #333333;\"><em>Ce circuit sportif&#8230;.j&rsquo;ai ador\u00e9 !!!! J&rsquo;en ai bien bav\u00e9, mais trop contente, parcours vari\u00e9, des parties tr\u00e8s techniques et d&rsquo;autres plus roulantes, de superbes paysages, un groupe tr\u00e8s sympa, un super guide qui a su nous faire progresser et le tout dans la bonne humeur\u00a0<span class=\"_5mfr\"><span class=\"_6qdm\">????\u00a0\u00a0<\/span><\/span><\/em><\/span><em style=\"color: #333333; background-color: inherit; font-family: inherit; font-size: 1rem;\">Coordonn\u00e9es \u00e0 garder ! Tracea. ch, attention, suis pr\u00eate \u00e0 revenir\u00a0 &#8211;\u00a0<span class=\"fwb\"><a class=\"profileLink\" style=\"color: #333333;\" href=\"https:\/\/www.facebook.com\/christelle.sisslernardin?__tn__=%2CdlC-R-R&amp;eid=ARBqgEbdT8cg_5b6E1azuAh0HfbIXf8bHBTOPa7a88WCdqUSj1tpbcDCJ159d9iUmRZ-INPeu3Lq9KGB&amp;hc_ref=ARTb0sHrJCEuqWNofxDWMQ1ja2xTlCzfNyMgRFFmxABmvea1q5fLSz5Y2uLF6qhtLuU\" data-ft=\"{&quot;tn&quot;:&quot;l&quot;}\" data-hovercard=\"\/ajax\/hovercard\/user.php?id=1515238368&amp;extragetparams=%7B%22__tn__%22%3A%22%2CdlC-R-R%22%2C%22eid%22%3A%22ARBqgEbdT8cg_5b6E1azuAh0HfbIXf8bHBTOPa7a88WCdqUSj1tpbcDCJ159d9iUmRZ-INPeu3Lq9KGB%22%2C%22hc_ref%22%3A%22ARTb0sHrJCEuqWNofxDWMQ1ja2xTlCzfNyMgRFFmxABmvea1q5fLSz5Y2uLF6qhtLuU%22%7D\" data-hovercard-prefer-more-content-show=\"1\" data-hovercard-referer=\"ARTb0sHrJCEuqWNofxDWMQ1ja2xTlCzfNyMgRFFmxABmvea1q5fLSz5Y2uLF6qhtLuU\" target=\"_blank\" rel=\"noopener\">Christelle Sissler Nardin<\/a>\u00a0<\/span><span class=\"fcg\"><\/span><\/em><\/p>\n<\/div>\n<\/div>\n<\/div>\n<\/div>\n<\/div>\n<div id=\"js_1ii\" class=\"_5pbx userContent _3576\" data-ft='{\"tn\":\"K\"}'>\n<p><em style=\"color: #333333; background-color: inherit; font-family: inherit; font-size: 1rem;\">Superbe sortie VTT a Saint-Cergue aujourd&rsquo;hui organis\u00e9e par tracea.ch. Des sentiers super amusants, un peu de neige, de portage et une super ambiance sans oublier un bon Burger pour finir la journ\u00e9e &#8211;\u00a0<a class=\"profileLink\" style=\"color: #333333;\" href=\"https:\/\/www.facebook.com\/julien.morel.125?__tn__=%2CdlC-R-R&amp;eid=ARBbxpABSVXJOR_hIQbN6mENGOghUle_WAUgKk11C0heYWg6A_VH6LV2EXYzMPDVZ9hv2RrSiNbmUGtA&amp;hc_ref=ARTKPdNzkFFGuesRe_tJHgf-0EfMNeKnYyY0uNLuw4y_R9jbUQSTSurPXYcxd5d71O8\" data-ft=\"{&quot;tn&quot;:&quot;l&quot;}\" data-hovercard=\"\/ajax\/hovercard\/user.php?id=1540166577&amp;extragetparams=%7B%22__tn__%22%3A%22%2CdlC-R-R%22%2C%22eid%22%3A%22ARBbxpABSVXJOR_hIQbN6mENGOghUle_WAUgKk11C0heYWg6A_VH6LV2EXYzMPDVZ9hv2RrSiNbmUGtA%22%2C%22hc_ref%22%3A%22ARTKPdNzkFFGuesRe_tJHgf-0EfMNeKnYyY0uNLuw4y_R9jbUQSTSurPXYcxd5d71O8%22%7D\" data-hovercard-prefer-more-content-show=\"1\" data-hovercard-referer=\"ARTKPdNzkFFGuesRe_tJHgf-0EfMNeKnYyY0uNLuw4y_R9jbUQSTSurPXYcxd5d71O8\" target=\"_blank\" rel=\"noopener\">Julien Morel<\/a><span class=\"fwb\"><\/span><span class=\"fcg\"><\/span><span class=\"fwn fcg\"><\/span><em><\/em>\u00a0<\/em><\/p>\n<\/div>\n<p><img fetchpriority=\"high\" decoding=\"async\" class=\"size-full wp-image-6077\" src=\"https:\/\/guide-vtt.ch\/wp-content\/uploads\/2019\/04\/Montage_2.jpg\" alt=\"Montage 2\" width=\"960\" height=\"652\"><\/p>\n<p>\u00a0<\/p>\n<p>\u00a0<\/p>","protected":false},"excerpt":{"rendered":"<p>Retour en images sur notre week-end test du 13 et 14 avril. C&rsquo;est sous un soleil radieux que les diff\u00e9rents groupes groupe ont suivi la trace de tracea.ch La journ\u00e9e du samedi \u00e9tait consacr\u00e9e \u00e0 la session d\u00e9butant cross-country. Ce n&rsquo;est pas moins de 7 participants, jeunes ou moins jeunes qui se sont pris au [&hellip;]<\/p>\n","protected":false},"author":1,"featured_media":59429,"comment_status":"open","ping_status":"open","sticky":false,"template":"","format":"standard","meta":{"footnotes":""},"categories":[801],"tags":[808],"class_list":["post-59322","post","type-post","status-publish","format-standard","has-post-thumbnail","hentry","category-blog","tag-actualites"],"_links":{"self":[{"href":"https:\/\/www.tracea.ch\/de\/wp-json\/wp\/v2\/posts\/59322","targetHints":{"allow":["GET"]}}],"collection":[{"href":"https:\/\/www.tracea.ch\/de\/wp-json\/wp\/v2\/posts"}],"about":[{"href":"https:\/\/www.tracea.ch\/de\/wp-json\/wp\/v2\/types\/post"}],"author":[{"embeddable":true,"href":"https:\/\/www.tracea.ch\/de\/wp-json\/wp\/v2\/users\/1"}],"replies":[{"embeddable":true,"href":"https:\/\/www.tracea.ch\/de\/wp-json\/wp\/v2\/comments?post=59322"}],"version-history":[{"count":1,"href":"https:\/\/www.tracea.ch\/de\/wp-json\/wp\/v2\/posts\/59322\/revisions"}],"predecessor-version":[{"id":60054,"href":"https:\/\/www.tracea.ch\/de\/wp-json\/wp\/v2\/posts\/59322\/revisions\/60054"}],"wp:featuredmedia":[{"embeddable":true,"href":"https:\/\/www.tracea.ch\/de\/wp-json\/wp\/v2\/media\/59429"}],"wp:attachment":[{"href":"https:\/\/www.tracea.ch\/de\/wp-json\/wp\/v2\/media?parent=59322"}],"wp:term":[{"taxonomy":"category","embeddable":true,"href":"https:\/\/www.tracea.ch\/de\/wp-json\/wp\/v2\/categories?post=59322"},{"taxonomy":"post_tag","embeddable":true,"href":"https:\/\/www.tracea.ch\/de\/wp-json\/wp\/v2\/tags?post=59322"}],"curies":[{"name":"wp","href":"https:\/\/api.w.org\/{rel}","templated":true}]}}