{"id":59334,"date":"2021-02-12T17:53:38","date_gmt":"2021-02-12T16:53:38","guid":{"rendered":"https:\/\/hiver.monvtt.ch\/2021\/02\/12\/camps-vtt-programme-2021\/"},"modified":"2026-08-25T19:42:08","modified_gmt":"2026-08-25T19:42:08","slug":"camps-vtt-programme-2021","status":"publish","type":"post","link":"https:\/\/www.tracea.ch\/de\/blog\/camps-vtt-programme-2021\/","title":{"rendered":"Camps VTT St-Cergue &#8211; Programme 2021"},"content":{"rendered":"<h4 style=\"text-align: justify;\">Initiation ou perfectionnement au VTT &#8211; Sans h\u00e9bergement<\/h4>\n<h4 style=\"text-align: justify;\">Dates\u00a0 :\u00a0 du 13 au 16 avril 2021\u00a0 \u00a0&#8211;\u00a0 \u00a0du 6 au 9 juillet 2021<\/h4>\n<p style=\"text-align: justify;\">St-Cergue est un site privil\u00e9gi\u00e9 pour la d\u00e9couverte et le perfectionnement VTT.\u00a0 Chacun pourra d\u00e9couvrir le panorama idyllique du Jura vaudois notamment en montant sur les hauteurs du village avec une vue remarquable sur le Mont-Blanc et le L\u00e9man ! Encadr\u00e9s par un moniteur Jeunesse et Sport, c\u2019est dans un souci de s\u00e9curit\u00e9 maximale que nos jeunes cyclistes avaleront des sentiers adapt\u00e9s \u00e0 leur niveau avec casques et protections. Pendant les quatre jours du camp, les enfants ou adolescents profiteront au maximum des multiples exercices techniques, jeux, randonn\u00e9es et autres chasses au tr\u00e9sor. Chaque groupe est emmen\u00e9 par au moins 1 moniteur certifi\u00e9 Jeunesse et Sport.\u00a0Le niveau du groupe sera d\u00e9fini en fonction des premi\u00e8res inscriptions (\u00e2ge et niveau)<\/p>\n<p>Lieu : St-Cergue<\/p>\n<p>Dur\u00e9e : 4 jours (de 13h30 \u00e0 17h00)<\/p>\n<p>Age : de 12 \u00e0 15 ans\u00a0 (4 participants minimum)<\/p>\n<p>Prix : 240 CHF<\/p>\n<p>Non compris dans cette offre : collations, vtt, casques<\/p>\n<p>13\/04 au 16\/04 &#8211; <span style=\"text-decoration: underline; color: #ff0000;\"><a href=\"https:\/\/booking.myrezapp.com\/fr\/online\/booking\/step1\/5112\/31282\" style=\"color: #ff0000; text-decoration: underline;\" target=\"_blank\" rel=\"noopener\">Inscriptions<\/a>\u00a0en ligne<\/span><\/p>\n<p>06\/07 au 09\/07 &#8211; <span style=\"text-decoration: underline; color: #ff0000;\"><a href=\"https:\/\/booking.myrezapp.com\/fr\/online\/booking\/step1\/5112\/38728\" style=\"color: #ff0000; text-decoration: underline;\" target=\"_blank\" rel=\"noopener\">Inscriptions<\/a>\u00a0en ligne<\/span><\/p>\n<p>Chaque jeune doit \u00eatre assur\u00e9 personnellement en cas d\u2019accident et \u00eatre en possession d\u2019une RC priv\u00e9e.\u00a0\u00a0<\/p>\n<p><span style=\"background-color: inherit; color: inherit; font-family: inherit; font-size: 1rem;\">Une journ\u00e9e \u00ab\u00a0initiation descente\u00a0\u00bb en station est envisageable selon les envies et motivations du groupe.<\/span><\/p>\n<p>Si vous ne disposez pas de v\u00e9lo, possibilit\u00e9 d\u2019en louer un chez un de nos partenaires.<\/p>\n<p>Renseignements et inscriptions : 079 257 64 00 ou <a href=\"mailto:guide@tracea.ch\">guide@tracea.ch<\/a><\/p>\n<p>\u00a0<\/p>\n<\/p>\n<p>\u00a0\u00a0\u00a0<img decoding=\"async\" class=\"alignleft size-full wp-image-6131\" src=\"https:\/\/guide-vtt.ch\/wp-content\/uploads\/2021\/02\/LOGO.png\" alt=\"LOGO\" width=\"100\" height=\"73\" style=\"float: left;\"><\/p>","protected":false},"excerpt":{"rendered":"<p>Initiation ou perfectionnement au VTT &#8211; Sans h\u00e9bergement Dates\u00a0 :\u00a0 du 13 au 16 avril 2021\u00a0 \u00a0&#8211;\u00a0 \u00a0du 6 au 9 juillet 2021 St-Cergue est un site privil\u00e9gi\u00e9 pour la d\u00e9couverte et le perfectionnement VTT.\u00a0 Chacun pourra d\u00e9couvrir le panorama idyllique du Jura vaudois notamment en montant sur les hauteurs du village avec une vue [&hellip;]<\/p>\n","protected":false},"author":1,"featured_media":59475,"comment_status":"open","ping_status":"open","sticky":false,"template":"","format":"standard","meta":{"footnotes":""},"categories":[801],"tags":[808],"class_list":["post-59334","post","type-post","status-publish","format-standard","has-post-thumbnail","hentry","category-blog","tag-actualites"],"_links":{"self":[{"href":"https:\/\/www.tracea.ch\/de\/wp-json\/wp\/v2\/posts\/59334","targetHints":{"allow":["GET"]}}],"collection":[{"href":"https:\/\/www.tracea.ch\/de\/wp-json\/wp\/v2\/posts"}],"about":[{"href":"https:\/\/www.tracea.ch\/de\/wp-json\/wp\/v2\/types\/post"}],"author":[{"embeddable":true,"href":"https:\/\/www.tracea.ch\/de\/wp-json\/wp\/v2\/users\/1"}],"replies":[{"embeddable":true,"href":"https:\/\/www.tracea.ch\/de\/wp-json\/wp\/v2\/comments?post=59334"}],"version-history":[{"count":2,"href":"https:\/\/www.tracea.ch\/de\/wp-json\/wp\/v2\/posts\/59334\/revisions"}],"predecessor-version":[{"id":60141,"href":"https:\/\/www.tracea.ch\/de\/wp-json\/wp\/v2\/posts\/59334\/revisions\/60141"}],"wp:featuredmedia":[{"embeddable":true,"href":"https:\/\/www.tracea.ch\/de\/wp-json\/wp\/v2\/media\/59475"}],"wp:attachment":[{"href":"https:\/\/www.tracea.ch\/de\/wp-json\/wp\/v2\/media?parent=59334"}],"wp:term":[{"taxonomy":"category","embeddable":true,"href":"https:\/\/www.tracea.ch\/de\/wp-json\/wp\/v2\/categories?post=59334"},{"taxonomy":"post_tag","embeddable":true,"href":"https:\/\/www.tracea.ch\/de\/wp-json\/wp\/v2\/tags?post=59334"}],"curies":[{"name":"wp","href":"https:\/\/api.w.org\/{rel}","templated":true}]}}