{"id":59336,"date":"2020-07-26T20:56:57","date_gmt":"2020-07-26T18:56:57","guid":{"rendered":"https:\/\/hiver.monvtt.ch\/2020\/07\/26\/monvtt-ch-sera-de-retour-en-septembre\/"},"modified":"2020-07-26T20:56:57","modified_gmt":"2020-07-26T18:56:57","slug":"monvtt-ch-sera-de-retour-en-septembre","status":"publish","type":"post","link":"https:\/\/www.tracea.ch\/de\/blog\/monvtt-ch-sera-de-retour-en-septembre\/","title":{"rendered":"Monvtt.ch &#8211; Retour en septembre"},"content":{"rendered":"<p>Cher visiteur, nous vous informons que nos activit\u00e9s reprendront \u00e0 partir du 1er septembre. Notre agenda d&rsquo;automne est en pr\u00e9paration et nous vous r\u00e9servons de belles surprises ! En attendant, si vous souhaitez d\u00e9couvrir la r\u00e9gion par vos propres moyens, nos v\u00e9los sont disponibles \u00e0 la location seule aupr\u00e8s de l&rsquo;office de tourisme de St-Cergue (022 360 13 14). La r\u00e9servation se fait sur place ou directement en ligne : <a href=\"https:\/\/www.lacote-tourisme.ch\/fr\/P23732\/location-d-e-vtt-et-de-vtt-st-cergue\" target=\"_blank\" rel=\"noopener\">Location VTT<\/a><\/p>\n<p>Nous vous souhaitons un tr\u00e8s bel \u00e9t\u00e9 !<\/p>","protected":false},"excerpt":{"rendered":"<p>Cher visiteur, nous vous informons que nos activit\u00e9s reprendront \u00e0 partir du 1er septembre. Notre agenda d&rsquo;automne est en pr\u00e9paration et nous vous r\u00e9servons de belles surprises ! En attendant, si vous souhaitez d\u00e9couvrir la r\u00e9gion par vos propres moyens, nos v\u00e9los sont disponibles \u00e0 la location seule aupr\u00e8s de l&rsquo;office de tourisme de St-Cergue [&hellip;]<\/p>\n","protected":false},"author":1,"featured_media":0,"comment_status":"open","ping_status":"open","sticky":false,"template":"","format":"standard","meta":{"footnotes":""},"categories":[801],"tags":[808],"class_list":["post-59336","post","type-post","status-publish","format-standard","hentry","category-blog","tag-actualites"],"_links":{"self":[{"href":"https:\/\/www.tracea.ch\/de\/wp-json\/wp\/v2\/posts\/59336","targetHints":{"allow":["GET"]}}],"collection":[{"href":"https:\/\/www.tracea.ch\/de\/wp-json\/wp\/v2\/posts"}],"about":[{"href":"https:\/\/www.tracea.ch\/de\/wp-json\/wp\/v2\/types\/post"}],"author":[{"embeddable":true,"href":"https:\/\/www.tracea.ch\/de\/wp-json\/wp\/v2\/users\/1"}],"replies":[{"embeddable":true,"href":"https:\/\/www.tracea.ch\/de\/wp-json\/wp\/v2\/comments?post=59336"}],"version-history":[{"count":0,"href":"https:\/\/www.tracea.ch\/de\/wp-json\/wp\/v2\/posts\/59336\/revisions"}],"wp:attachment":[{"href":"https:\/\/www.tracea.ch\/de\/wp-json\/wp\/v2\/media?parent=59336"}],"wp:term":[{"taxonomy":"category","embeddable":true,"href":"https:\/\/www.tracea.ch\/de\/wp-json\/wp\/v2\/categories?post=59336"},{"taxonomy":"post_tag","embeddable":true,"href":"https:\/\/www.tracea.ch\/de\/wp-json\/wp\/v2\/tags?post=59336"}],"curies":[{"name":"wp","href":"https:\/\/api.w.org\/{rel}","templated":true}]}}