{"id":59338,"date":"2021-02-13T16:15:42","date_gmt":"2021-02-13T15:15:42","guid":{"rendered":"https:\/\/hiver.monvtt.ch\/2021\/02\/13\/programme-2020-mai-juin-juillet-2\/"},"modified":"2026-08-25T19:42:04","modified_gmt":"2026-08-25T19:42:04","slug":"programme-2020-mai-juin-juillet-2","status":"publish","type":"post","link":"https:\/\/www.tracea.ch\/de\/blog\/programme-2020-mai-juin-juillet-2\/","title":{"rendered":"Programme 2021 &#8211; Avril \/ Mai \/ Juin \/ Juillet"},"content":{"rendered":"<p>En 2021, tracea.ch vous propose un programme vari\u00e9, des sorties VTT adapt\u00e9es \u00e0 votre niveau et \u00e0 vos envies. Nous partagerons plus qu&rsquo;une sortie de VTT et d\u00e9couvrirons la montagne du Jura \u00e0 travers ses singles : en solo, en famille ou entre amis, pour quelques heures ou pour une sortie \u00e0 la journ\u00e9e, sur les pistes les plus sauvages et les moins fr\u00e9quent\u00e9es du canton\u2026 A vos agendas !\u00a0<\/p>\n<p>\u00a0<\/p>\n<\/p>\n<p><!--more--><\/p>\n<h3 style=\"text-align: justify;\">Du 13 au 16 avril 2021 \/ Camps &#8211; Perfectionnement au VTT &#8211;\u00a0Sans h\u00e9bergement<\/h3>\n<p style=\"text-align: justify;\">St-Cergue est un site privil\u00e9gi\u00e9 pour la d\u00e9couverte et le perfectionnement VTT.\u00a0 Chacun pourra d\u00e9couvrir le panorama idyllique du Jura vaudois notamment en montant sur les hauteurs du village avec une vue remarquable sur le Mont-Blanc et le L\u00e9man ! Encadr\u00e9s par un moniteur Jeunesse et Sport, c\u2019est dans un souci de s\u00e9curit\u00e9 maximale que nos jeunes cyclistes avaleront des sentiers adapt\u00e9s \u00e0 leur niveau avec casques et protections. Pendant les quatre jours du camp, les enfants ou adolescents profiteront au maximum des multiples exercices techniques, jeux, randonn\u00e9es et autres chasses au tr\u00e9sor. Chaque groupe est emmen\u00e9 par au moins 1 moniteur certifi\u00e9 Jeunesse et Sport. Le niveau du groupe sera d\u00e9fini en fonction des premi\u00e8res inscriptions (\u00e2ge et niveau)<\/p>\n<p style=\"text-align: justify;\"><a href=\"https:\/\/guide-vtt.ch\/2021\/02\/12\/camps-vtt-programme-2021\/\" target=\"_blank\" rel=\"noopener\"><span style=\"text-decoration: underline; color: #ff0000;\">Infos et r\u00e9servations<\/span>\u00a0\u00a0<\/a><\/p>\n<p>\u00a0<\/p>\n<h3 style=\"text-align: justify;\">Samedi 15 mai \u2013 14h00 \/\u00a0Excursion Cross-country &#8211; D\u00e9butant ou famille &#8211; VTT ELECTRIQUE<\/h3>\n<p style=\"text-align: justify;\">La sortie commence par l&rsquo;apprentissage de quelques exercices destin\u00e9s \u00e0 vous faire d\u00e9couvrir les bases du VTT. Position sur le v\u00e9lo, attitude en mont\u00e9e, freinage et franchissement de petits obstacles. Apr\u00e8s cette d\u00e9couverte nous partirons d\u00e9couvrir la r\u00e9gion \u00e0 travers une petite ballade de quelques kilom\u00e8tres. Si la m\u00e9t\u00e9o est favorable vous profiterez d&rsquo;une superbe vue sur le lac L\u00e9man, la cha\u00eene des Alpes et le majestueux Mont-Blanc !<\/p>\n<p style=\"text-align: justify;\">Cette session est destin\u00e9e \u00e0 un public d\u00e9butant ou novice.<\/p>\n<p style=\"text-align: justify;\"><span style=\"text-decoration: underline;\"><span style=\"color: #ff0000;\"><a href=\"https:\/\/booking.myrezapp.com\/fr\/online\/booking\/step1\/5112\/30624\" target=\"_blank\" rel=\"noopener\" style=\"color: #ff0000; text-decoration: underline;\">Infos et r\u00e9servations\u00a0<\/a><\/span><\/span><\/p>\n<p style=\"text-align: justify;\">\u00a0<\/p>\n<h3 style=\"text-align: justify;\">Samedi 29 mai \u2013 9h00 \/ Excursion VTT Cross-country &#8211; Sportif<\/h3>\n<p style=\"text-align: justify;\">Vous voulez profiter des belles journ\u00e9es ensoleill\u00e9es du Jura pour d\u00e9couvrir de nouvelles traces, ou rouler en VTT dans les sentiers boueux sous la pluie Suisse lors d&rsquo;une excursion insolite ? En choisissant tracea.ch, vous poserez vos roues sur des traces peu fr\u00e9quent\u00e9es, non r\u00e9pertori\u00e9es, mais 100% plaisir cr\u00e9\u00e9es avec passion par votre guide moniteur.<\/p>\n<p style=\"text-align: justify;\">Entre 30 \u00e0 40 kilom\u00e8tres suivant le niveau du groupe.<\/p>\n<p style=\"text-align: justify;\"><span style=\"text-decoration: underline;\"><span style=\"color: #ff0000;\"><a href=\"https:\/\/booking.myrezapp.com\/fr\/online\/booking\/step1\/5112\/30625\" target=\"_blank\" rel=\"noopener\" style=\"color: #ff0000; text-decoration: underline;\">Infos et r\u00e9servations\u00a0<\/a><\/span><\/span><\/p>\n<p style=\"text-align: justify;\">\u00a0<\/p>\n<h3 style=\"text-align: justify;\">Samedi 5 juin \u2013 9h00 \/ Excursion Cross-country \u2013 Sportif &#8211; VTT ELECTRIQUE<\/h3>\n<p style=\"text-align: justify;\">Le Jura regorge de chemins et sentiers escarp\u00e9s. En choisissant tracea.ch, vous poserez vos roues sur des traces peu fr\u00e9quent\u00e9es, non r\u00e9pertori\u00e9es, mais 100% plaisir cr\u00e9\u00e9es avec passion par votre guide moniteur.<\/p>\n<p style=\"text-align: justify;\">Entre 50 \u00e0 60 kilom\u00e8tres suivant le niveau du groupe.<\/p>\n<p style=\"text-align: justify;\"><span style=\"text-decoration: underline;\"><span style=\"color: #ff0000;\"><a href=\"https:\/\/booking.myrezapp.com\/fr\/online\/booking\/step1\/5112\/30626\" target=\"_blank\" rel=\"noopener\" style=\"color: #ff0000; text-decoration: underline;\">Infos et r\u00e9servations<\/a><\/span><\/span><\/p>\n<p style=\"text-align: justify;\">\u00a0<\/p>\n<h3 style=\"text-align: justify;\">Dimanche 13 juin \u2013 10h00 \/ Journ\u00e9e \u00ab\u00a0Rando-Raclette\u00a0\u00bb &#8211; VTT ELECTRIQUE<\/h3>\n<p style=\"text-align: justify;\">La sortie commence par l&rsquo;apprentissage de quelques exercices destin\u00e9s \u00e0 vous faire d\u00e9couvrir les bases du VTT \u00e9lectrique.<\/p>\n<p style=\"text-align: justify;\">Apr\u00e8s cette d\u00e9couverte nous partirons d\u00e9couvrir la r\u00e9gion \u00e0 travers une petite ballade de quelques kilom\u00e8tres. Si la m\u00e9t\u00e9o est favorable vous profiterez d&rsquo;une superbe vue sur le lac L\u00e9man, la cha\u00eene des Alpes et le majestueux Mont-Blanc !<\/p>\n<p style=\"text-align: justify;\">La pause de midi se fera autour du four \u00e0 raclette transport\u00e9 \u00e0 dos de cycliste !<\/p>\n<p style=\"text-align: justify;\">Cette session est destin\u00e9e \u00e0 tout public d\u00e9sireux de passer un moment convivial, entres amis ou en famille.<\/p>\n<p style=\"text-align: justify;\"><em><span style=\"text-decoration: underline;\"><span style=\"color: #ff0000;\"><a href=\"https:\/\/booking.myrezapp.com\/fr\/online\/booking\/step1\/5112\/23505\" target=\"_blank\" rel=\"noopener\" style=\"color: #ff0000; text-decoration: underline;\">Infos et r\u00e9servations<\/a><\/span><\/span><\/em><\/p>\n<p>\u00a0<\/p>\n<h3 style=\"text-align: justify;\">Samedi 19 juin \u2013 9h00 \/ Excursion VTT Enduro &#8211; \u00ab\u00a0Shuttle\u00a0\u00bb\u00a0<\/h3>\n<p style=\"text-align: justify;\">Sortie enduro \u00e0 la travers le massif du Jura. La formule \u00ab\u00a0Shuttle\u00a0\u00bb permet de d\u00e9couvrir la r\u00e9gion \u00e0 travers des trails engag\u00e9s et typiques.<\/p>\n<p style=\"text-align: justify;\">Cette excursion est propos\u00e9e \u00e0 la journ\u00e9e, ce qui permet de parcourir de 2500 \u00e0 3000 m\u00e8tres de d\u00e9nivel\u00e9 n\u00e9gatif en fonction de vos envies et de votre condition !<\/p>\n<p style=\"text-align: justify;\">Les remont\u00e9es se font bien confortablement dans notre van tracea.ch.<\/p>\n<p style=\"text-align: justify;\">Le tarif inclus l&rsquo;utilisation du van et le transport des v\u00e9los.<\/p>\n<p style=\"text-align: justify;\"><span style=\"text-decoration: underline;\"><span style=\"color: #ff0000;\"><a href=\"https:\/\/booking.myrezapp.com\/fr\/online\/booking\/step1\/5112\/34016\" target=\"_blank\" rel=\"noopener\" style=\"color: #ff0000; text-decoration: underline;\">Infos et r\u00e9servations<\/a><\/span><\/span><\/p>\n<p style=\"text-align: justify;\">\u00a0<\/p>\n<h3 style=\"text-align: justify;\">Samedi 3 juillet &#8211; 8h30\u00a0 \/ Journ\u00e9e VTT Descente \u2013 D\u00e9butant \u2013 M\u00e9tabief<\/h3>\n<p style=\"text-align: justify;\">Une sortie \u00e0 la journ\u00e9e pour d\u00e9couvrir le VTT de descente en toute s\u00e9curit\u00e9 et progresser \u00e0 votre vitesse.<\/p>\n<p style=\"text-align: justify;\">La station de M\u00e9tabief propose un large \u00e9ventail de pistes qui vous permettrons d\u2019\u00e9voluer tout au long de la journ\u00e9e. Positionnement du corps, attitude sur le v\u00e9lo, franchissement d\u2019obstacles etc\u2026 rien ne sera laiss\u00e9 au hasard.<\/p>\n<p style=\"text-align: left;\"><span style=\"text-decoration: underline;\"><span style=\"color: #ff0000;\"><a href=\"https:\/\/booking.myrezapp.com\/fr\/online\/booking\/step1\/5112\/30628\" target=\"_blank\" rel=\"noopener\" style=\"color: #ff0000; text-decoration: underline;\">Infos et r\u00e9servations<\/a><\/span><\/span><\/p>\n<p style=\"text-align: justify;\">\u00a0<\/p>\n<h3>Samedi 17 juillet \u2013\u00a0\u00ab\u00a0A la d\u00e9couverte du Lavaux\u00a0\u00bb &#8211; VTT ELECTRIQUE<\/h3>\n<p>La sortie commence par l&rsquo;apprentissage de quelques exercices destin\u00e9s \u00e0 vous faire d\u00e9couvrir les bases du VTT. Position sur le v\u00e9lo, attitude en mont\u00e9e, freinage et franchissement de petits obstacles.<\/p>\n<p>Apr\u00e8s cette d\u00e9couverte nous partirons d\u00e9couvrir la r\u00e9gion \u00e0 travers une petite ballade de quelques kilom\u00e8tres. Avec ses kilom\u00e8tres de terrasses, le Lavaux est l\u2019un des vignobles les plus connus de Suisse. Les premi\u00e8res terrasses furent \u00e9rig\u00e9es au 12e si\u00e8cle par des moines. En 2007, la r\u00e9gion entre Lausanne et Vevey a \u00e9t\u00e9 d\u00e9clar\u00e9e patrimoine culturel mondial par l\u2019UNESCO.<br \/>La pause de midi se fera autour du four \u00e0 raclette transport\u00e9 \u00e0 dos de cycliste !<\/p>\n<p>Un verre de vin vous sera servi et quelques portions de raclettes accompagneront vos pommes de terre !<\/p>\n<p>Cette session est destin\u00e9e \u00e0 tout public d\u00e9sireux de passer un moment convivial, entres amis ou en famille.<\/p>\n<p>Le Lavaux est un magnifique paysage en terrasses qui domine le L\u00e9man. La r\u00e9gion entre Lausanne et Vevey fait partie des vignobles les plus connus de Suisse. Les pittoresques villages vignerons et le panorama grandiose sur le L\u00e9man et les sommets savoyards ont inspir\u00e9 d\u2019innombrables peintres et po\u00e8tes.<\/p>\n<p>Les vignes profitent des rayons du soleil qui se refl\u00e8tent dans le lac et de la chaleur emmagasin\u00e9e par les murs de pierres.<\/p>\n<p><span style=\"text-decoration: underline; color: #ff0000;\"><a href=\"https:\/\/booking.myrezapp.com\/fr\/online\/booking\/step1\/5112\/38727\" style=\"color: #ff0000; text-decoration: underline;\" target=\"_blank\" rel=\"noopener\">Infos et r\u00e9servations\u00a0<\/a><\/span><\/p>\n<p>\u00a0<\/p>\n<h3 style=\"text-align: justify;\">Du 6 au 9 juillet 2021 \/ Camps &#8211; Initiation ou perfectionnement au VTT &#8211;\u00a0Sans h\u00e9bergement<\/h3>\n<p style=\"text-align: justify;\">St-Cergue est un site privil\u00e9gi\u00e9 pour la d\u00e9couverte et le perfectionnement VTT.\u00a0 Chacun pourra d\u00e9couvrir le panorama idyllique du Jura vaudois notamment en montant sur les hauteurs du village avec une vue remarquable sur le Mont-Blanc et le L\u00e9man ! Encadr\u00e9s par un moniteur Jeunesse et Sport, c\u2019est dans un souci de s\u00e9curit\u00e9 maximale que nos jeunes cyclistes avaleront des sentiers adapt\u00e9s \u00e0 leur niveau avec casques et protections. Pendant les quatre jours du camp, les enfants ou adolescents profiteront au maximum des multiples exercices techniques, jeux, randonn\u00e9es et autres chasses au tr\u00e9sor. Chaque groupe est emmen\u00e9 par au moins 1 moniteur certifi\u00e9 Jeunesse et Sport. Le niveau du groupe sera d\u00e9fini en fonction des premi\u00e8res inscriptions (\u00e2ge et niveau)<\/p>\n<p style=\"text-align: justify;\"><a href=\"https:\/\/guide-vtt.ch\/2021\/02\/12\/camps-vtt-programme-2021\/\" target=\"_blank\" rel=\"noopener\"><span style=\"text-decoration: underline; color: #ff0000;\">Infos et r\u00e9servations<\/span>\u00a0<\/a>\u00a0<\/p>\n<div style=\"text-align: justify;\">\u00a0<\/div>\n<div style=\"text-align: justify;\"><img decoding=\"async\" class=\"alignleft size-full wp-image-6125\" src=\"https:\/\/guide-vtt.ch\/wp-content\/uploads\/2018\/12\/Moniteur.png\" alt=\"Moniteur\" width=\"150\" height=\"172\" style=\"margin: 4px; float: left;\"><\/div>\n<div style=\"text-align: justify;\"><span style=\"font-size: 12pt;\"><\/span><\/div>\n<div style=\"text-align: justify;\">\u00a0<\/div>\n<div style=\"text-align: justify;\"><span style=\"font-size: 12pt;\">\u00a0Damien Nardin\u00a0<\/span><\/div>\n<div style=\"text-align: justify;\"><span style=\"font-size: 12pt;\">Guide et accompagnateur VTT<\/span><\/div>\n<div style=\"text-align: justify;\"><span style=\"font-size: 12pt;\">Moniteur Jeunesse &amp; Sport<\/span><\/div>\n<div style=\"text-align: justify;\"><span style=\"font-size: 12pt;\"><a href=\"mailto:guide@tracea.ch\">guide@tracea.ch<\/a>\u00a0 &#8211; 079 257 64 00<\/span><\/div>\n<div style=\"text-align: justify;\">\u00a0<\/div>","protected":false},"excerpt":{"rendered":"<p>En 2021, tracea.ch vous propose un programme vari\u00e9, des sorties VTT adapt\u00e9es \u00e0 votre niveau et \u00e0 vos envies. Nous partagerons plus qu&rsquo;une sortie de VTT et d\u00e9couvrirons la montagne du Jura \u00e0 travers ses singles : en solo, en famille ou entre amis, pour quelques heures ou pour une sortie \u00e0 la journ\u00e9e, sur [&hellip;]<\/p>\n","protected":false},"author":1,"featured_media":59419,"comment_status":"open","ping_status":"open","sticky":false,"template":"","format":"standard","meta":{"footnotes":""},"categories":[801],"tags":[808],"class_list":["post-59338","post","type-post","status-publish","format-standard","has-post-thumbnail","hentry","category-blog","tag-actualites"],"_links":{"self":[{"href":"https:\/\/www.tracea.ch\/de\/wp-json\/wp\/v2\/posts\/59338","targetHints":{"allow":["GET"]}}],"collection":[{"href":"https:\/\/www.tracea.ch\/de\/wp-json\/wp\/v2\/posts"}],"about":[{"href":"https:\/\/www.tracea.ch\/de\/wp-json\/wp\/v2\/types\/post"}],"author":[{"embeddable":true,"href":"https:\/\/www.tracea.ch\/de\/wp-json\/wp\/v2\/users\/1"}],"replies":[{"embeddable":true,"href":"https:\/\/www.tracea.ch\/de\/wp-json\/wp\/v2\/comments?post=59338"}],"version-history":[{"count":2,"href":"https:\/\/www.tracea.ch\/de\/wp-json\/wp\/v2\/posts\/59338\/revisions"}],"predecessor-version":[{"id":60140,"href":"https:\/\/www.tracea.ch\/de\/wp-json\/wp\/v2\/posts\/59338\/revisions\/60140"}],"wp:featuredmedia":[{"embeddable":true,"href":"https:\/\/www.tracea.ch\/de\/wp-json\/wp\/v2\/media\/59419"}],"wp:attachment":[{"href":"https:\/\/www.tracea.ch\/de\/wp-json\/wp\/v2\/media?parent=59338"}],"wp:term":[{"taxonomy":"category","embeddable":true,"href":"https:\/\/www.tracea.ch\/de\/wp-json\/wp\/v2\/categories?post=59338"},{"taxonomy":"post_tag","embeddable":true,"href":"https:\/\/www.tracea.ch\/de\/wp-json\/wp\/v2\/tags?post=59338"}],"curies":[{"name":"wp","href":"https:\/\/api.w.org\/{rel}","templated":true}]}}