{"id":59345,"date":"2021-06-11T10:14:12","date_gmt":"2021-06-11T08:14:12","guid":{"rendered":"https:\/\/hiver.monvtt.ch\/2021\/06\/11\/bourse-aux-velos-st-cergue\/"},"modified":"2026-08-25T19:42:28","modified_gmt":"2026-08-25T19:42:28","slug":"bourse-aux-velos-st-cergue","status":"publish","type":"post","link":"https:\/\/www.tracea.ch\/de\/blog\/bourse-aux-velos-st-cergue\/","title":{"rendered":"Bourse aux v\u00e9los St Cergue"},"content":{"rendered":"<div class=\"kvgmc6g5 cxmmr5t8 oygrvhab hcukyx3x c1et5uql\">A l&rsquo;occasion du vide-grenier de St Cergue, le Shop tracea.ch organise sa premi\u00e8re bourse aux v\u00e9los d&rsquo;occasion au 16 Route d&rsquo;Arzier, St Cergue.<br \/>Venez vendre votre ancien v\u00e9lo et peut-\u00eatre trouver votre nouveau compagnon \u00e0 deux roues pour cet \u00e9t\u00e9 !<\/div>\n<div class=\"o9v6fnle cxmmr5t8 oygrvhab hcukyx3x c1et5uql\">Informations vendeurs :<br \/>Attention, nombre de places limit\u00e9 !<\/div>\n<div class=\"o9v6fnle cxmmr5t8 oygrvhab hcukyx3x c1et5uql\"><span class=\"pq6dq46d tbxw36s4 knj5qynh kvgmc6g5 ditlmg2l oygrvhab nvdbi5me sf5mxxl7 gl3lb2sf hhz5lgdu\"><\/span>\u00a0De 8h00 \u00e0 9h00 : r\u00e9ception des v\u00e9los \u00e0 vendre et paiement de l&rsquo;inscription (Prix fixe : 15CHF\/v\u00e9lo apport\u00e9).<\/div>\n<div class=\"o9v6fnle cxmmr5t8 oygrvhab hcukyx3x c1et5uql\"><span class=\"pq6dq46d tbxw36s4 knj5qynh kvgmc6g5 ditlmg2l oygrvhab nvdbi5me sf5mxxl7 gl3lb2sf hhz5lgdu\"><img decoding=\"async\" src=\"https:\/\/static.xx.fbcdn.net\/images\/emoji.php\/v9\/t9e\/1\/16\/27a1.png\" alt=\"\u27a1\ufe0f\" width=\"16\" height=\"16\"><\/span>\u00a0Amenez votre v\u00e9lo propre et en bon \u00e9tat de fonctionnement.<\/div>\n<div class=\"o9v6fnle cxmmr5t8 oygrvhab hcukyx3x c1et5uql\"><span class=\"pq6dq46d tbxw36s4 knj5qynh kvgmc6g5 ditlmg2l oygrvhab nvdbi5me sf5mxxl7 gl3lb2sf hhz5lgdu\"><img decoding=\"async\" src=\"https:\/\/static.xx.fbcdn.net\/images\/emoji.php\/v9\/t9e\/1\/16\/27a1.png\" alt=\"\u27a1\ufe0f\" width=\"16\" height=\"16\"><\/span>\u00a0Inscription OBLIGATOIRE jusqu&rsquo;au Vendredi 25 Juin en remplissant ce formulaire :<br \/><a href=\"https:\/\/forms.gle\/sWHJq6fxTmY8fpQc6\" target=\"_blank\" rel=\"nofollow noopener\" class=\"oajrlxb2 g5ia77u1 qu0x051f esr5mh6w e9989ue4 r7d6kgcz rq0escxv nhd2j8a9 nc684nl6 p7hjln8o kvgmc6g5 cxmmr5t8 oygrvhab hcukyx3x jb3vyjys rz4wbd8a qt6c0cv9 a8nywdso i1ao9s8h esuyzwwr f1sip0of lzcic4wl py34i1dx gpro0wi8\" tabindex=\"0\" role=\"link\">https:\/\/forms.gle\/sWHJq6fxTmY8fpQc6<\/a><\/div>\n<div>\u00a0<\/div>\n<div class=\"o9v6fnle cxmmr5t8 oygrvhab hcukyx3x c1et5uql\"><span class=\"pq6dq46d tbxw36s4 knj5qynh kvgmc6g5 ditlmg2l oygrvhab nvdbi5me sf5mxxl7 gl3lb2sf hhz5lgdu\"><img decoding=\"async\" src=\"https:\/\/static.xx.fbcdn.net\/images\/emoji.php\/v9\/t9e\/1\/16\/27a1.png\" alt=\"\u27a1\ufe0f\" width=\"16\" height=\"16\"><\/span>\u00a0Nombre de v\u00e9los limit\u00e9 \u00e0 3 par personne.<\/div>\n<div class=\"o9v6fnle cxmmr5t8 oygrvhab hcukyx3x c1et5uql\"><span class=\"pq6dq46d tbxw36s4 knj5qynh kvgmc6g5 ditlmg2l oygrvhab nvdbi5me sf5mxxl7 gl3lb2sf hhz5lgdu\"><img decoding=\"async\" src=\"https:\/\/static.xx.fbcdn.net\/images\/emoji.php\/v9\/t9e\/1\/16\/27a1.png\" alt=\"\u27a1\ufe0f\" width=\"16\" height=\"16\"><\/span>\u00a0Stationnement sur le Parking d&rsquo;Arzier et d\u00e9p\u00f4t des v\u00e9los au 16 Route d&rsquo;Arzier.<\/div>\n<div class=\"o9v6fnle cxmmr5t8 oygrvhab hcukyx3x c1et5uql\"><span class=\"pq6dq46d tbxw36s4 knj5qynh kvgmc6g5 ditlmg2l oygrvhab nvdbi5me sf5mxxl7 gl3lb2sf hhz5lgdu\"><img decoding=\"async\" src=\"https:\/\/static.xx.fbcdn.net\/images\/emoji.php\/v9\/t9e\/1\/16\/27a1.png\" alt=\"\u27a1\ufe0f\" width=\"16\" height=\"16\"><\/span>\u00a0D\u00e8s 16h30 et jusqu&rsquo;\u00e0 17H30, distribution du montant des ventes en esp\u00e8ces ou via l&rsquo;application TWINT et reprise des v\u00e9los invendus.<\/div>\n<div class=\"o9v6fnle cxmmr5t8 oygrvhab hcukyx3x c1et5uql\">Informations acheteurs :<\/div>\n<div class=\"o9v6fnle cxmmr5t8 oygrvhab hcukyx3x c1et5uql\"><span class=\"pq6dq46d tbxw36s4 knj5qynh kvgmc6g5 ditlmg2l oygrvhab nvdbi5me sf5mxxl7 gl3lb2sf hhz5lgdu\"><img decoding=\"async\" src=\"https:\/\/static.xx.fbcdn.net\/images\/emoji.php\/v9\/t9e\/1\/16\/27a1.png\" alt=\"\u27a1\ufe0f\" width=\"16\" height=\"16\"><\/span>\u00a0D\u00e8s 9h : ouverture de la vente au public.<br \/>Le paiement doit \u00eatre fait en esp\u00e8ces sur place ou via l&rsquo;application TWINT.<\/div>\n<div class=\"o9v6fnle cxmmr5t8 oygrvhab hcukyx3x c1et5uql\"><span class=\"pq6dq46d tbxw36s4 knj5qynh kvgmc6g5 ditlmg2l oygrvhab nvdbi5me sf5mxxl7 gl3lb2sf hhz5lgdu\"><img decoding=\"async\" src=\"https:\/\/static.xx.fbcdn.net\/images\/emoji.php\/v9\/t9e\/1\/16\/27a1.png\" alt=\"\u27a1\ufe0f\" width=\"16\" height=\"16\"><\/span>\u00a0Arr\u00eat des ventes \u00e0 16h30.<\/div>\n<div class=\"o9v6fnle cxmmr5t8 oygrvhab hcukyx3x c1et5uql\">Des mesures sanitaires seront mises en place : la bourse \u00e9tant consid\u00e9r\u00e9e comme un \u00ab\u00a0march\u00e9\u00a0\u00bb, le port du masque y sera notamment obligatoire.<\/div>\n<div class=\"o9v6fnle cxmmr5t8 oygrvhab hcukyx3x c1et5uql\">Plus d&rsquo;informations au 022 559 30 09 ou <a href=\"mailto:shop@tracea.ch\">shop@tracea.ch<\/a><\/div>","protected":false},"excerpt":{"rendered":"<p>A l&rsquo;occasion du vide-grenier de St Cergue, le Shop tracea.ch organise sa premi\u00e8re bourse aux v\u00e9los d&rsquo;occasion au 16 Route d&rsquo;Arzier, St Cergue.Venez vendre votre ancien v\u00e9lo et peut-\u00eatre trouver votre nouveau compagnon \u00e0 deux roues pour cet \u00e9t\u00e9 ! Informations vendeurs :Attention, nombre de places limit\u00e9 ! \u00a0De 8h00 \u00e0 9h00 : r\u00e9ception des [&hellip;]<\/p>\n","protected":false},"author":1,"featured_media":0,"comment_status":"open","ping_status":"open","sticky":false,"template":"","format":"standard","meta":{"footnotes":""},"categories":[801],"tags":[808],"class_list":["post-59345","post","type-post","status-publish","format-standard","hentry","category-blog","tag-actualites"],"_links":{"self":[{"href":"https:\/\/www.tracea.ch\/de\/wp-json\/wp\/v2\/posts\/59345","targetHints":{"allow":["GET"]}}],"collection":[{"href":"https:\/\/www.tracea.ch\/de\/wp-json\/wp\/v2\/posts"}],"about":[{"href":"https:\/\/www.tracea.ch\/de\/wp-json\/wp\/v2\/types\/post"}],"author":[{"embeddable":true,"href":"https:\/\/www.tracea.ch\/de\/wp-json\/wp\/v2\/users\/1"}],"replies":[{"embeddable":true,"href":"https:\/\/www.tracea.ch\/de\/wp-json\/wp\/v2\/comments?post=59345"}],"version-history":[{"count":2,"href":"https:\/\/www.tracea.ch\/de\/wp-json\/wp\/v2\/posts\/59345\/revisions"}],"predecessor-version":[{"id":60147,"href":"https:\/\/www.tracea.ch\/de\/wp-json\/wp\/v2\/posts\/59345\/revisions\/60147"}],"wp:attachment":[{"href":"https:\/\/www.tracea.ch\/de\/wp-json\/wp\/v2\/media?parent=59345"}],"wp:term":[{"taxonomy":"category","embeddable":true,"href":"https:\/\/www.tracea.ch\/de\/wp-json\/wp\/v2\/categories?post=59345"},{"taxonomy":"post_tag","embeddable":true,"href":"https:\/\/www.tracea.ch\/de\/wp-json\/wp\/v2\/tags?post=59345"}],"curies":[{"name":"wp","href":"https:\/\/api.w.org\/{rel}","templated":true}]}}