{"id":59346,"date":"2021-06-12T14:02:28","date_gmt":"2021-06-12T12:02:28","guid":{"rendered":"https:\/\/hiver.monvtt.ch\/2021\/06\/12\/velo-a-vendre-enfant-3-6-ans-seeker-16-early-rider\/"},"modified":"2026-08-23T11:22:42","modified_gmt":"2026-08-23T11:22:42","slug":"velo-a-vendre-enfant-3-6-ans-seeker-16-early-rider","status":"publish","type":"post","link":"https:\/\/www.tracea.ch\/de\/blog\/velo-a-vendre-enfant-3-6-ans-seeker-16-early-rider\/","title":{"rendered":"VELO A VENDRE Enfant 3-6 ans SEEKER 16&Prime; EARLY RIDER"},"content":{"rendered":"<p>V\u00e9lo pour Enfant \u00e0 vendre au SHOP Tracea \u00e0 St Cergue<\/p>\n<p>Venez tester d\u00e8s Vendredi 18 Juin un nouveau mod\u00e8le !<\/p>\n<p>Le SEEKER 16&Prime; EARLY RIDER<\/p>\n<p>Id\u00e9al pour les enfants entre 3 et 6 ans.<\/p>\n<p>Possibilit\u00e9 de l&rsquo;utiliser comme draisienne dans un premier temps.<\/p>\n<ul style=\"list-style-type: disc;\">\n<li><strong>Pneus avant\/arri\u00e8re:\u00a0<\/strong>16 Zoll<\/li>\n<li><strong>Cadre:\u00a0<\/strong>Aluminium<\/li>\n<li><strong>Fourche:\u00a0<\/strong>Aluminium Rigid Fork<\/li>\n<li><strong>D\u00e9railleur:\u00a0<\/strong>Gates Powergrip, Single Speed<\/li>\n<li><strong>Freins:\u00a0<\/strong>Tektro 837AL<\/li>\n<li><strong>Poids:\u00a0<\/strong>5.95 kg<\/li>\n<\/ul>\n<p>Avantages : tr\u00e8s l\u00e9ger, haute qualit\u00e9<\/p>\n<p>RDV en magsin pour l&rsquo;essayer et peut-\u00eatre l&rsquo;adopter !<\/p>","protected":false},"excerpt":{"rendered":"<p>V\u00e9lo pour Enfant \u00e0 vendre au SHOP Tracea \u00e0 St Cergue Venez tester d\u00e8s Vendredi 18 Juin un nouveau mod\u00e8le ! Le SEEKER 16&Prime; EARLY RIDER Id\u00e9al pour les enfants entre 3 et 6 ans. Possibilit\u00e9 de l&rsquo;utiliser comme draisienne dans un premier temps. Pneus avant\/arri\u00e8re:\u00a016 Zoll Cadre:\u00a0Aluminium Fourche:\u00a0Aluminium Rigid Fork D\u00e9railleur:\u00a0Gates Powergrip, Single Speed [&hellip;]<\/p>\n","protected":false},"author":1,"featured_media":0,"comment_status":"open","ping_status":"open","sticky":false,"template":"","format":"standard","meta":{"footnotes":""},"categories":[801],"tags":[808],"class_list":["post-59346","post","type-post","status-publish","format-standard","hentry","category-blog","tag-actualites"],"_links":{"self":[{"href":"https:\/\/www.tracea.ch\/de\/wp-json\/wp\/v2\/posts\/59346","targetHints":{"allow":["GET"]}}],"collection":[{"href":"https:\/\/www.tracea.ch\/de\/wp-json\/wp\/v2\/posts"}],"about":[{"href":"https:\/\/www.tracea.ch\/de\/wp-json\/wp\/v2\/types\/post"}],"author":[{"embeddable":true,"href":"https:\/\/www.tracea.ch\/de\/wp-json\/wp\/v2\/users\/1"}],"replies":[{"embeddable":true,"href":"https:\/\/www.tracea.ch\/de\/wp-json\/wp\/v2\/comments?post=59346"}],"version-history":[{"count":1,"href":"https:\/\/www.tracea.ch\/de\/wp-json\/wp\/v2\/posts\/59346\/revisions"}],"predecessor-version":[{"id":60040,"href":"https:\/\/www.tracea.ch\/de\/wp-json\/wp\/v2\/posts\/59346\/revisions\/60040"}],"wp:attachment":[{"href":"https:\/\/www.tracea.ch\/de\/wp-json\/wp\/v2\/media?parent=59346"}],"wp:term":[{"taxonomy":"category","embeddable":true,"href":"https:\/\/www.tracea.ch\/de\/wp-json\/wp\/v2\/categories?post=59346"},{"taxonomy":"post_tag","embeddable":true,"href":"https:\/\/www.tracea.ch\/de\/wp-json\/wp\/v2\/tags?post=59346"}],"curies":[{"name":"wp","href":"https:\/\/api.w.org\/{rel}","templated":true}]}}