{"id":59348,"date":"2021-06-18T13:30:16","date_gmt":"2021-06-18T11:30:16","guid":{"rendered":"https:\/\/hiver.monvtt.ch\/2021\/06\/18\/camp-vtt-adolescents-4-jours\/"},"modified":"2026-08-23T11:22:42","modified_gmt":"2026-08-23T11:22:42","slug":"camp-vtt-adolescents-4-jours","status":"publish","type":"post","link":"https:\/\/www.tracea.ch\/de\/blog\/camp-vtt-adolescents-4-jours\/","title":{"rendered":"Camp VTT Adolescents 4 jours"},"content":{"rendered":"<div>tracea.ch organise un camp VTT \u00e0 St Cergue pour les adolescents pendant 4 apr\u00e8s-midi du 6 au 9 Juillet.<\/div>\n<div>\u00a0<\/div>\n<div class=\"kvgmc6g5 cxmmr5t8 oygrvhab hcukyx3x c1et5uql\">[FR]<br \/>Pendant les quatre apr\u00e8s-midi du camp, les enfants ou adolescents profiteront au maximum des multiples exercices techniques, jeux, randonn\u00e9es et autres chasses au tr\u00e9sor.<br \/>Ils seront encadr\u00e9s par un moniteur certifi\u00e9 Jeunesse et Sport. Le niveau du groupe sera d\u00e9fini en fonction des premi\u00e8res inscriptions (\u00e2ge et niveau) cependant seuls les enfants ayant d\u00e9j\u00e0 pratiqu\u00e9 le VTT pourront participer.<\/div>\n<div class=\"o9v6fnle cxmmr5t8 oygrvhab hcukyx3x c1et5uql\">Chacun pourra d\u00e9couvrir le panorama idyllique du Jura vaudois notamment en montant sur les hauteurs du village avec une vue remarquable sur le Mont-Blanc et le L\u00e9man puis, dans un souci de s\u00e9curit\u00e9 maximale d\u00e9valer des sentiers adapt\u00e9s \u00e0 leur niveau avec casques et protections.<\/div>\n<div class=\"o9v6fnle cxmmr5t8 oygrvhab hcukyx3x c1et5uql\">Une journ\u00e9e \u00ab\u00a0initiation descente\u00a0\u00bb en station est envisageable selon les envies et motivations du groupe.<\/div>\n<div class=\"o9v6fnle cxmmr5t8 oygrvhab hcukyx3x c1et5uql\">Lieu : St-Cergue<br \/>Dur\u00e9e : 4 jours (de 13h30 \u00e0 17h00)<br \/>Age : de 12 \u00e0 16 ans<br \/>Prix : 240 CHF<br \/>Mat\u00e9riel (non fourni) : VTT en parfait \u00e9tat, casques, gants, lunettes, chambre \u00e0 air<br \/>R\u00e9servation obligatoire :\u00a0<a href=\"https:\/\/booking.myrezapp.com\/fr\/online\/booking\/step1\/5112\/38728?fbclid=IwAR2ThRQk6c0mqXWznfFwo-68bYaYV-wmulfPFs5l8_RI1u3cfEkL2YfAz_A\" target=\"_blank\" rel=\"nofollow noopener\" class=\"oajrlxb2 g5ia77u1 qu0x051f esr5mh6w e9989ue4 r7d6kgcz rq0escxv nhd2j8a9 nc684nl6 p7hjln8o kvgmc6g5 cxmmr5t8 oygrvhab hcukyx3x jb3vyjys rz4wbd8a qt6c0cv9 a8nywdso i1ao9s8h esuyzwwr f1sip0of lzcic4wl py34i1dx gpro0wi8\" tabindex=\"0\" role=\"link\"><\/a><a href=\"https:\/\/booking.myrezapp.com\/...\/booking\/step1\/5112\/38728\" target=\"_blank\" rel=\"noopener\">https:\/\/booking.myrezapp.com\/&#8230;\/booking\/step1\/5112\/38728<\/a><\/div>\n<div class=\"o9v6fnle cxmmr5t8 oygrvhab hcukyx3x c1et5uql\">Plus d&rsquo;infos : 079 257 64 00<\/div>\n<div class=\"o9v6fnle cxmmr5t8 oygrvhab hcukyx3x c1et5uql\">Votre guide parlera fran\u00e7ais, anglais et italien !<\/div>\n<div class=\"o9v6fnle cxmmr5t8 oygrvhab hcukyx3x c1et5uql\">Chaque participant doit \u00eatre assur\u00e9 personnellement en cas d\u2019accident et \u00eatre en possession d\u2019une RC priv\u00e9e.<\/div>\n<div class=\"o9v6fnle cxmmr5t8 oygrvhab hcukyx3x c1et5uql\">[ENG]<br \/>During the four afternoons of the camp, children and adolescents will make the most of the many technical exercises, games, hikes and other treasure hunts.<br \/>They will be supervised by a certified Youth and Sport instructor. The level of the group will be defined according to the first registrations (age and level) however only children who have already practiced mountain biking will be able to participate.<\/div>\n<div class=\"o9v6fnle cxmmr5t8 oygrvhab hcukyx3x c1et5uql\">Everyone will be able to discover the idyllic panorama of the Vaudois Jura, in particular by climbing to the heights of the village with a remarkable view of Mont-Blanc and Lake Geneva then, in the interests of maximum safety, descend trails adapted to their level with helmets and protection.<\/div>\n<div class=\"o9v6fnle cxmmr5t8 oygrvhab hcukyx3x c1et5uql\">A day \u00ab\u00a0initiation descent\u00a0\u00bb in the resort is possible according to the desires and motivations of the group.<\/div>\n<div class=\"o9v6fnle cxmmr5t8 oygrvhab hcukyx3x c1et5uql\">Location: St-Cergue<br \/>Duration: 4 days (from 1.30 p.m. to 5 p.m.)<br \/>Age: from 12 to 16 years old<br \/>Price: 240 CHF<br \/>Equipment (not provided): MTB in perfect condition, helmets, gloves, glasses, inner tube<br \/>Mandatory booking :\u00a0<a href=\"https:\/\/booking.myrezapp.com\/fr\/online\/booking\/step1\/5112\/38728?fbclid=IwAR36qM04WVqahPjrv1aWpA_CEs1w2B1ty2ehVP7FY86sSoJ-v2bh6wJQqk8\" target=\"_blank\" rel=\"nofollow noopener\" class=\"oajrlxb2 g5ia77u1 qu0x051f esr5mh6w e9989ue4 r7d6kgcz rq0escxv nhd2j8a9 nc684nl6 p7hjln8o kvgmc6g5 cxmmr5t8 oygrvhab hcukyx3x jb3vyjys rz4wbd8a qt6c0cv9 a8nywdso i1ao9s8h esuyzwwr f1sip0of lzcic4wl py34i1dx gpro0wi8\" tabindex=\"0\" role=\"link\"><\/a><a href=\"https:\/\/booking.myrezapp.com\/...\/booking\/step1\/5112\/38728\" target=\"_blank\" rel=\"noopener\">https:\/\/booking.myrezapp.com\/&#8230;\/booking\/step1\/5112\/38728<\/a><\/div>\n<div class=\"o9v6fnle cxmmr5t8 oygrvhab hcukyx3x c1et5uql\">More infos : 079 257 64 00<\/div>\n<div class=\"o9v6fnle cxmmr5t8 oygrvhab hcukyx3x c1et5uql\">Your guide will speak French, English and Italian!<\/div>\n<div class=\"o9v6fnle cxmmr5t8 oygrvhab hcukyx3x c1et5uql\">Each participant must be personally insured in the event of an accident and be in possession of a private liability insurance<\/div>\n","protected":false},"excerpt":{"rendered":"<p>tracea.ch organise un camp VTT \u00e0 St Cergue pour les adolescents pendant 4 apr\u00e8s-midi du 6 au 9 Juillet. \u00a0 [FR]Pendant les quatre apr\u00e8s-midi du camp, les enfants ou adolescents profiteront au maximum des multiples exercices techniques, jeux, randonn\u00e9es et autres chasses au tr\u00e9sor.Ils seront encadr\u00e9s par un moniteur certifi\u00e9 Jeunesse et Sport. Le niveau [&hellip;]<\/p>\n","protected":false},"author":1,"featured_media":0,"comment_status":"open","ping_status":"open","sticky":false,"template":"","format":"standard","meta":{"footnotes":""},"categories":[801],"tags":[808],"class_list":["post-59348","post","type-post","status-publish","format-standard","hentry","category-blog","tag-actualites"],"_links":{"self":[{"href":"https:\/\/www.tracea.ch\/de\/wp-json\/wp\/v2\/posts\/59348","targetHints":{"allow":["GET"]}}],"collection":[{"href":"https:\/\/www.tracea.ch\/de\/wp-json\/wp\/v2\/posts"}],"about":[{"href":"https:\/\/www.tracea.ch\/de\/wp-json\/wp\/v2\/types\/post"}],"author":[{"embeddable":true,"href":"https:\/\/www.tracea.ch\/de\/wp-json\/wp\/v2\/users\/1"}],"replies":[{"embeddable":true,"href":"https:\/\/www.tracea.ch\/de\/wp-json\/wp\/v2\/comments?post=59348"}],"version-history":[{"count":1,"href":"https:\/\/www.tracea.ch\/de\/wp-json\/wp\/v2\/posts\/59348\/revisions"}],"predecessor-version":[{"id":60039,"href":"https:\/\/www.tracea.ch\/de\/wp-json\/wp\/v2\/posts\/59348\/revisions\/60039"}],"wp:attachment":[{"href":"https:\/\/www.tracea.ch\/de\/wp-json\/wp\/v2\/media?parent=59348"}],"wp:term":[{"taxonomy":"category","embeddable":true,"href":"https:\/\/www.tracea.ch\/de\/wp-json\/wp\/v2\/categories?post=59348"},{"taxonomy":"post_tag","embeddable":true,"href":"https:\/\/www.tracea.ch\/de\/wp-json\/wp\/v2\/tags?post=59348"}],"curies":[{"name":"wp","href":"https:\/\/api.w.org\/{rel}","templated":true}]}}