{"id":59350,"date":"2021-07-07T10:56:55","date_gmt":"2021-07-07T08:56:55","guid":{"rendered":"https:\/\/hiver.monvtt.ch\/2021\/07\/07\/un-nouveau-tour-guide-chez-monvtt\/"},"modified":"2026-08-25T19:42:02","modified_gmt":"2026-08-25T19:42:02","slug":"un-nouveau-tour-guide-chez-monvtt","status":"publish","type":"post","link":"https:\/\/www.tracea.ch\/de\/blog\/un-nouveau-tour-guide-chez-monvtt\/","title":{"rendered":"\u201cD\u2019un Jura \u00e0 l&rsquo;autre en VTT\u00a0\u00bb, notre nouveau s\u00e9jour guid\u00e9."},"content":{"rendered":"<h3 style=\"text-align: justify;\">Chez Tracea nous aimons vous faire plaisir et vous proposer des nouveaut\u00e9s.\u00a0 Apr\u00e8s quelques semaines de reconnaissances sur le terrain, votre guide Damien vous propose 3 jours de VTT que vous n&rsquo;\u00eates pas pr\u00eat d&rsquo;oublier !\u00a0<\/h3>\n<h5><em>\u00ab\u00a0Je suis un enfant du Jura, c&rsquo;est l\u00e0 que je suis n\u00e9 et que j&rsquo;ai d\u00e9val\u00e9 mes premiers singles il y a plus de 25 ans ! J&rsquo;aime cette r\u00e9gion et je me r\u00e9jouis de vous faire partager cette exp\u00e9rience. Le programme est propos\u00e9 en VTT ou VTT Electrique\u00a0\u00bb.<\/em><\/h5>\n<p style=\"text-align: justify;\">Le massif du Jura est un paradis souvent m\u00e9connu pour la pratique du VTT. Nous vous guiderons et surprendrons \u00e0 travers ses lacs, cascades et for\u00eats. Les parcours seront adapt\u00e9s au niveau du groupe, d&rsquo;interm\u00e9diaire \u00e0 confirm\u00e9.\u00a0<\/p>\n<p style=\"text-align: justify;\">\u00a0<\/p>\n<p style=\"text-align: justify;\">Les cascades du H\u00e9risson, dans le Jura, font partie d\u2019un grand ensemble, \u00ab Vall\u00e9e du H\u00e9risson, Plateau des 7 lacs \u00bb, inscrit au r\u00e9seau des Grands sites de France. Faites-y une balade entre deux baignades dans les lacs, notamment le fameux lac de Chalain tout proche !<br \/>En toutes saisons, les cascades du H\u00e9risson offrent un spectacle sans cesse renouvel\u00e9, au rythme de la nature du Jura. Elles doivent leur existence au \u00ab H\u00e9risson \u00bb, un torrent \u00e9nergique qui prend sa source au Saut Girard, issu des lacs de Bonlieu et d\u2019Ilay. La nature a fa\u00e7onn\u00e9 cette vall\u00e9e foisonnante et a cr\u00e9\u00e9 pas moins de 31 sauts successifs, qui constituent ces fameuses cascades.<\/p>\n<p style=\"text-align: justify;\"><img fetchpriority=\"high\" decoding=\"async\" class=\"size-full wp-image-6176\" src=\"https:\/\/guide-vtt.ch\/wp-content\/uploads\/2021\/07\/Image_4.png\" alt=\"Image 4\" width=\"1200\" height=\"672\" style=\"display: block; margin: 5px auto;\"><\/p>\n<p style=\"text-align: justify;\">\u00a0\u00a0A pr\u00e8s de 850 m d&rsquo;altitude, le Lac St-Point s&rsquo;allonge sur plus de 6 km dans un paysage ouvert et il offre le visage le plus accueillant des lacs de montagne qu&rsquo;on puisse voir. Apr\u00e8s avoir quelques kilom\u00e8tres sur les hauteurs du lac, nous rejoindrons la station de M\u00e9tabief. Depuis les Championnats du monde en 1993, la station de M\u00e9tabief est devenue le rendez-vous mythique des VTTistes. Une des premi\u00e8res stations \u00e0 ouvrir son domaine VTT DH, M\u00e9tabief c\u2019est du VTT pour tous !<\/p>\n<p style=\"text-align: justify;\"><img decoding=\"async\" class=\"size-full wp-image-6177\" src=\"https:\/\/guide-vtt.ch\/wp-content\/uploads\/2021\/07\/Image_5.png\" alt=\"Image 5\" width=\"1200\" height=\"628\" style=\"display: block; margin: 5px auto;\"><\/p>\n<p style=\"text-align: justify;\">\u00a0Aux confins de la Suisse et des d\u00e9partements du Doubs et du Jura, la for\u00eat du Risoux est un lieu charg\u00e9 d\u2019histoire.<br \/>Avec ses 2&rsquo;200 hectares, le Risoud est la plus grande for\u00eat d\u2019Europe d\u2019un seul tenant. Elle longe ainsi toute la Vall\u00e9e de Joux \u00e0 l\u2019ouest, sur environ 15km, formant une fronti\u00e8re naturelle avec la France. Sa superficie, sa densit\u00e9 et sa situation g\u00e9ographique sont \u00e0 l\u2019origine de nombreux mythes et l\u00e9gendes \u00e0 son sujet.<\/p>\n<p>Nous esperons que ce programme vous plaira !<\/p>\n<p>Pour toute questions, n&rsquo;h\u00e9sitez pas \u00e0 contacter Damien (079 257 64 00 ou <a href=\"mailto:guide@tracea.ch\">guide@tracea.ch<\/a>).<\/p>\n<p>\u00a0<a href=\"https:\/\/booking.myrezapp.com\/fr\/online\/booking\/step1\/5112\/43715\" target=\"_blank\" rel=\"noopener\"><img decoding=\"async\" class=\"size-full wp-image-6178\" src=\"https:\/\/guide-vtt.ch\/wp-content\/uploads\/2021\/07\/Reservation_en_ligne.jpg\" alt=\"R\u00e9servation en ligne\" width=\"800\" height=\"342\" style=\"display: block; margin-left: auto; margin-right: auto; margin-top: 5px;\"><\/a><\/p>\n<p>\u00a0<\/p>","protected":false},"excerpt":{"rendered":"<p>Chez Tracea nous aimons vous faire plaisir et vous proposer des nouveaut\u00e9s.\u00a0 Apr\u00e8s quelques semaines de reconnaissances sur le terrain, votre guide Damien vous propose 3 jours de VTT que vous n&rsquo;\u00eates pas pr\u00eat d&rsquo;oublier !\u00a0 \u00ab\u00a0Je suis un enfant du Jura, c&rsquo;est l\u00e0 que je suis n\u00e9 et que j&rsquo;ai d\u00e9val\u00e9 mes premiers singles [&hellip;]<\/p>\n","protected":false},"author":1,"featured_media":59489,"comment_status":"open","ping_status":"open","sticky":false,"template":"","format":"standard","meta":{"footnotes":""},"categories":[801],"tags":[808],"class_list":["post-59350","post","type-post","status-publish","format-standard","has-post-thumbnail","hentry","category-blog","tag-actualites"],"_links":{"self":[{"href":"https:\/\/www.tracea.ch\/de\/wp-json\/wp\/v2\/posts\/59350","targetHints":{"allow":["GET"]}}],"collection":[{"href":"https:\/\/www.tracea.ch\/de\/wp-json\/wp\/v2\/posts"}],"about":[{"href":"https:\/\/www.tracea.ch\/de\/wp-json\/wp\/v2\/types\/post"}],"author":[{"embeddable":true,"href":"https:\/\/www.tracea.ch\/de\/wp-json\/wp\/v2\/users\/1"}],"replies":[{"embeddable":true,"href":"https:\/\/www.tracea.ch\/de\/wp-json\/wp\/v2\/comments?post=59350"}],"version-history":[{"count":2,"href":"https:\/\/www.tracea.ch\/de\/wp-json\/wp\/v2\/posts\/59350\/revisions"}],"predecessor-version":[{"id":60139,"href":"https:\/\/www.tracea.ch\/de\/wp-json\/wp\/v2\/posts\/59350\/revisions\/60139"}],"wp:featuredmedia":[{"embeddable":true,"href":"https:\/\/www.tracea.ch\/de\/wp-json\/wp\/v2\/media\/59489"}],"wp:attachment":[{"href":"https:\/\/www.tracea.ch\/de\/wp-json\/wp\/v2\/media?parent=59350"}],"wp:term":[{"taxonomy":"category","embeddable":true,"href":"https:\/\/www.tracea.ch\/de\/wp-json\/wp\/v2\/categories?post=59350"},{"taxonomy":"post_tag","embeddable":true,"href":"https:\/\/www.tracea.ch\/de\/wp-json\/wp\/v2\/tags?post=59350"}],"curies":[{"name":"wp","href":"https:\/\/api.w.org\/{rel}","templated":true}]}}