{"id":59352,"date":"2022-02-01T09:56:55","date_gmt":"2022-02-01T08:56:55","guid":{"rendered":"https:\/\/hiver.monvtt.ch\/2022\/02\/01\/station-lavage-velo\/"},"modified":"2022-02-01T09:56:55","modified_gmt":"2022-02-01T08:56:55","slug":"station-lavage-velo","status":"publish","type":"post","link":"https:\/\/www.tracea.ch\/de\/blog\/station-lavage-velo\/","title":{"rendered":"Station de lavage V\u00e9los &#8211; VTT"},"content":{"rendered":"<div class=\"kvgmc6g5 cxmmr5t8 oygrvhab hcukyx3x c1et5uql ii04i59q\">\n<div dir=\"auto\">[FR]<\/div>\n<div dir=\"auto\">STATION DE LAVAGE<\/div>\n<\/div>\n<div class=\"o9v6fnle cxmmr5t8 oygrvhab hcukyx3x c1et5uql ii04i59q\">\n<div dir=\"auto\">Votre shop vous propose d\u00e9sormais de faire une petite toilette \u00e0 votre v\u00e9lo apr\u00e8s vos sorties (sur les chemins ou du garage&#8230; <span class=\"pq6dq46d tbxw36s4 knj5qynh kvgmc6g5 ditlmg2l oygrvhab nvdbi5me sf5mxxl7 gl3lb2sf hhz5lgdu\"><\/span>) pendant nos horaires d&rsquo;ouverture du magasin.<\/div>\n<div dir=\"auto\">Vous pourrez choisir de le faire en autonomie ou nous le laisser pour un nettoyage plus pouss\u00e9.<\/div>\n<div dir=\"auto\">Bien au-del\u00e0 de l&rsquo;esth\u00e9tique, le nettoyage de votre VTT apr\u00e8s chaque sortie salissante garantit la long\u00e9vit\u00e9 des pi\u00e8ces et surtout de votre transmission, le coeur de votre v\u00e9lo.<\/div>\n<div dir=\"auto\">Au shop, vous aurez tous les \u00e9quipements et les conseils pour bien le nettoyer et en prendre soin.<\/div>\n<\/div>\n<div class=\"o9v6fnle cxmmr5t8 oygrvhab hcukyx3x c1et5uql ii04i59q\">\n<div dir=\"auto\">[ENG]<\/div>\n<div dir=\"auto\">WASH STATION<\/div>\n<\/div>\n<div class=\"o9v6fnle cxmmr5t8 oygrvhab hcukyx3x c1et5uql ii04i59q\">\n<div dir=\"auto\">Your shop now offers you to wash your bike after your outings (on the paths or from the garage &#8230; <span class=\"pq6dq46d tbxw36s4 knj5qynh kvgmc6g5 ditlmg2l oygrvhab nvdbi5me sf5mxxl7 gl3lb2sf hhz5lgdu\"><img decoding=\"async\" src=\"https:\/\/static.xx.fbcdn.net\/images\/emoji.php\/v9\/t57\/1\/16\/1f609.png\" alt=\"?\" width=\"16\" height=\"16\" \/><\/span>) during our store opening hours.<\/div>\n<div dir=\"auto\">You can choose to do it independently or leave it to us for deeper cleaning.<\/div>\n<div dir=\"auto\">Well beyond aesthetics, cleaning your mountain bike after each muddy ride guarantees the longevity of the parts and especially your transmission, the heart of your bike.<\/div>\n<div dir=\"auto\">In the shop, you will have all the equipment and advice to properly clean and take care of it.<\/div>\n<\/div>\n","protected":false},"excerpt":{"rendered":"<p>[FR] STATION DE LAVAGE Votre shop vous propose d\u00e9sormais de faire une petite toilette \u00e0 votre v\u00e9lo apr\u00e8s vos sorties (sur les chemins ou du garage&#8230; ) pendant nos horaires d&rsquo;ouverture du magasin. Vous pourrez choisir de le faire en autonomie ou nous le laisser pour un nettoyage plus pouss\u00e9. Bien au-del\u00e0 de l&rsquo;esth\u00e9tique, le [&hellip;]<\/p>\n","protected":false},"author":1,"featured_media":0,"comment_status":"open","ping_status":"open","sticky":false,"template":"","format":"standard","meta":{"footnotes":""},"categories":[801],"tags":[808],"class_list":["post-59352","post","type-post","status-publish","format-standard","hentry","category-blog","tag-actualites"],"_links":{"self":[{"href":"https:\/\/www.tracea.ch\/de\/wp-json\/wp\/v2\/posts\/59352","targetHints":{"allow":["GET"]}}],"collection":[{"href":"https:\/\/www.tracea.ch\/de\/wp-json\/wp\/v2\/posts"}],"about":[{"href":"https:\/\/www.tracea.ch\/de\/wp-json\/wp\/v2\/types\/post"}],"author":[{"embeddable":true,"href":"https:\/\/www.tracea.ch\/de\/wp-json\/wp\/v2\/users\/1"}],"replies":[{"embeddable":true,"href":"https:\/\/www.tracea.ch\/de\/wp-json\/wp\/v2\/comments?post=59352"}],"version-history":[{"count":0,"href":"https:\/\/www.tracea.ch\/de\/wp-json\/wp\/v2\/posts\/59352\/revisions"}],"wp:attachment":[{"href":"https:\/\/www.tracea.ch\/de\/wp-json\/wp\/v2\/media?parent=59352"}],"wp:term":[{"taxonomy":"category","embeddable":true,"href":"https:\/\/www.tracea.ch\/de\/wp-json\/wp\/v2\/categories?post=59352"},{"taxonomy":"post_tag","embeddable":true,"href":"https:\/\/www.tracea.ch\/de\/wp-json\/wp\/v2\/tags?post=59352"}],"curies":[{"name":"wp","href":"https:\/\/api.w.org\/{rel}","templated":true}]}}