{"id":59359,"date":"2022-11-05T09:31:14","date_gmt":"2022-11-05T08:31:14","guid":{"rendered":"https:\/\/hiver.monvtt.ch\/2022\/11\/05\/parcours-raquettes-col-de-la-givrine-n\/"},"modified":"2026-08-25T19:42:25","modified_gmt":"2026-08-25T19:42:25","slug":"parcours-raquettes-col-de-la-givrine-n","status":"publish","type":"post","link":"https:\/\/www.tracea.ch\/de\/blog\/parcours-raquettes-col-de-la-givrine-n\/","title":{"rendered":"Parcours raquettes Col de la Givrine &#8211; N\u00b0472"},"content":{"rendered":"<div class=\"l-Gap l-SiteWidth s-down\">\n<section class=\"LeadText\">\n<div class=\"LeadText--lead\">\n<div class=\"LeadText--text\">\n<p>Le parcours raquettes N\u00b0472 entre le Col de la Givrine et La Cure, petit village fronti\u00e8re avec la France, vous fera d\u00e9couvrir une nature paisible offrant un magnifique panorama sur les chaines de montagne des Alpes, en passant par des paturages et for\u00eats<\/p>\n<\/p>\n<p>\u00a0Description<\/p>\n<\/div>\n<\/div>\n<\/section>\n<\/div>\n<div id=\"articlesection-Route-3BCEF15E858C4797AC443067226019A9-1\" class=\"ArticleSection\">\n<div id=\"articlesection-Route-3BCEF15E858C4797AC443067226019A9-content-1\" class=\"ArticleSection--content\" data-hidden=\"true\" data-js-collapsible=\"articlesection-Route-3BCEF15E858C4797AC443067226019A9-section-1\">\n<div class=\"ArticleSection--content--inner\">\n<div class=\"l-Gap l-SiteWidth s-down\">\n<div class=\"ArticleSubSection\">\n<div class=\"ArticleSubSection--content\">\n<div class=\"richtext\">\n<p>Le d\u00e9part se trouve sur le col de la Givrine, \u00e0 quelques m\u00e8tres de la station du chemin de fer et du parking. Apr\u00e8s une petite mont\u00e9e pour l\u2019\u00e9chauffement, la suite du parcours vous fera ensuite appr\u00e9cier une halte au Pr\u00e9-du-Four avec une vue magnifique sur la chaine de montagne des Alpes. Avec une m\u00e9t\u00e9o id\u00e9ale, la vue est de toute beaut\u00e9. Profitez de vous attarder sur ce splendide panorama et de cet instant de s\u00e9r\u00e9nit\u00e9 avant de redescendre vers la civilisation. La descente vous fera ensuite appr\u00e9cier la nature sauvage et sa qui\u00e9tude.<\/p>\n<p>\u00a0<\/p>\n<p>\u00a0<\/p>\n<p>\u00a0\u00a0\u00a0<\/p>\n<p>\u00a0<\/p>\n<p><img fetchpriority=\"high\" decoding=\"async\" class=\"alignright size-full wp-image-6208\" src=\"https:\/\/guide-vtt.ch\/wp-content\/uploads\/2022\/11\/3.png\" alt=\"3\" width=\"680\" height=\"483\" style=\"margin: 10px; float: right;\"><\/p>\n<p>\u00a0En arrivant sur le petit village de La Cure, l\u2019H\u00f4tel Restaurant le Franco-Suisse est id\u00e9al pour une petite halte avant de repartir. Ce b\u00e2timent est \u00e0 cheval sur la fronti\u00e8re entre la France et la Suisse. C\u00f4t\u00e9 fran\u00e7ais, un look brasserie pour manger plus rapidement et rejoindre les pistes. C\u00f4t\u00e9 Suisse, le temps ne compte pas, on s\u2019attable pour savourer des mets raffin\u00e9s et d\u00e9licieux avant de prendre le train retour quelques m\u00e8tres plus loin.\u00a0<\/p>\n<div id=\"InpageNavigation-Route-3BCEF15E858C4797AC443067226019A9-2\" class=\"ArticleSection--header\" data-inpagenavigation-title=\"Informations techniques\">\n<p>\u2603\ufe0f\u26f7?Location de raquettes \u00e0 neige<br \/>Pour d\u00e9couvrir une nature paisible offrant un magnifique panorama sur les chaines de montagne des Alpes, en passant par des p\u00e2turages et for\u00eats. R\u00e9servation en ligne et dans notre magasin, selon les conditions d&rsquo;enneigement.<\/p>\n<p>Tracea, Route d&rsquo;Arzier 16 &#8211; 1264 St-Cergue<\/p>\n<p>022 559 30 09 \/ <a href=\"mailto:shop@tracea.ch\">shop@tracea.ch<\/a><\/p>\n<h2>\u00a0<\/h2>\n<table data-js-autobreak=\"reset\">\n<caption>\n<div id=\"InpageNavigation-Route-3BCEF15E858C4797AC443067226019A9-2\" class=\"ArticleSection--header\" data-inpagenavigation-title=\"Informations techniques\">\n<p>\u00a0<\/p>\n<\/div>\n<\/caption>\n<tbody>\n<tr>\n<th scope=\"row\">Point de d\u00e9part<\/th>\n<td>\n<div class=\"richtext\">La Givrine<\/div>\n<\/td>\n<\/tr>\n<tr>\n<th scope=\"row\">Point d\u2019arriv\u00e9e<\/th>\n<td>\n<div class=\"richtext\">La Cure<\/div>\n<\/td>\n<\/tr>\n<tr>\n<th scope=\"row\">Mont\u00e9e \/ ascension<\/th>\n<td>\n<div class=\"richtext\">220 m<\/div>\n<\/td>\n<\/tr>\n<tr>\n<th scope=\"row\">Descente<\/th>\n<td>\n<div class=\"richtext\">280 m<\/div>\n<\/td>\n<\/tr>\n<tr>\n<th scope=\"row\">Distance<\/th>\n<td>\n<div class=\"richtext\">7 km<\/div>\n<\/td>\n<\/tr>\n<tr>\n<th scope=\"row\">Dauer<\/th>\n<td>\n<div class=\"richtext\">2 h 45 min<\/div>\n<\/td>\n<\/tr>\n<tr>\n<th scope=\"row\">Exigences de condition physique<\/th>\n<td>\n<div class=\"richtext\">Moyen<\/div>\n<\/td>\n<\/tr>\n<tr>\n<th scope=\"row\">\u00a0<\/th>\n<td>\u00a0<\/td>\n<\/tr>\n<tr>\n<th scope=\"row\">Signalisation<\/th>\n<td>\n<div class=\"richtext\">Signalisation in one direction<\/div>\n<\/td>\n<\/tr>\n<tr>\n<th scope=\"row\">Plus d\u2019informations<\/th>\n<td><a href=\"https:\/\/www.schweizmobil.ch\/fr\/snowshoe-trekking\/route472\" class=\"Link icon-after\" target=\"_blank\" rel=\"noopener\"><\/a><a href=\"https:\/\/www.schweizmobil.ch\/fr\/randonnees-en-raquettes\/sentiers\/route-0472.html\" target=\"_blank\" rel=\"noopener\">https:\/\/www.schweizmobil.ch\/fr\/randonnees-en-raquettes\/sentiers\/route-0472.html<\/a><a href=\"https:\/\/www.schweizmobil.ch\/fr\/snowshoe-trekking\/route472\" class=\"Link icon-after\" target=\"_blank\" rel=\"noopener\"><\/a><\/td>\n<\/tr>\n<\/tbody>\n<\/table>\n<\/div>\n<\/div>\n<\/div>\n<\/div>\n<\/div>\n<\/div>\n<\/div>\n<\/div>","protected":false},"excerpt":{"rendered":"<p>Le parcours raquettes N\u00b0472 entre le Col de la Givrine et La Cure, petit village fronti\u00e8re avec la France, vous fera d\u00e9couvrir une nature paisible offrant un magnifique panorama sur les chaines de montagne des Alpes, en passant par des paturages et for\u00eats \u00a0Description Le d\u00e9part se trouve sur le col de la Givrine, \u00e0 [&hellip;]<\/p>\n","protected":false},"author":1,"featured_media":59523,"comment_status":"open","ping_status":"open","sticky":false,"template":"","format":"standard","meta":{"footnotes":""},"categories":[801],"tags":[808],"class_list":["post-59359","post","type-post","status-publish","format-standard","has-post-thumbnail","hentry","category-blog","tag-actualites"],"_links":{"self":[{"href":"https:\/\/www.tracea.ch\/de\/wp-json\/wp\/v2\/posts\/59359","targetHints":{"allow":["GET"]}}],"collection":[{"href":"https:\/\/www.tracea.ch\/de\/wp-json\/wp\/v2\/posts"}],"about":[{"href":"https:\/\/www.tracea.ch\/de\/wp-json\/wp\/v2\/types\/post"}],"author":[{"embeddable":true,"href":"https:\/\/www.tracea.ch\/de\/wp-json\/wp\/v2\/users\/1"}],"replies":[{"embeddable":true,"href":"https:\/\/www.tracea.ch\/de\/wp-json\/wp\/v2\/comments?post=59359"}],"version-history":[{"count":2,"href":"https:\/\/www.tracea.ch\/de\/wp-json\/wp\/v2\/posts\/59359\/revisions"}],"predecessor-version":[{"id":60145,"href":"https:\/\/www.tracea.ch\/de\/wp-json\/wp\/v2\/posts\/59359\/revisions\/60145"}],"wp:featuredmedia":[{"embeddable":true,"href":"https:\/\/www.tracea.ch\/de\/wp-json\/wp\/v2\/media\/59523"}],"wp:attachment":[{"href":"https:\/\/www.tracea.ch\/de\/wp-json\/wp\/v2\/media?parent=59359"}],"wp:term":[{"taxonomy":"category","embeddable":true,"href":"https:\/\/www.tracea.ch\/de\/wp-json\/wp\/v2\/categories?post=59359"},{"taxonomy":"post_tag","embeddable":true,"href":"https:\/\/www.tracea.ch\/de\/wp-json\/wp\/v2\/tags?post=59359"}],"curies":[{"name":"wp","href":"https:\/\/api.w.org\/{rel}","templated":true}]}}