{"id":59361,"date":"2018-12-10T10:22:12","date_gmt":"2018-12-10T09:22:12","guid":{"rendered":"https:\/\/hiver.monvtt.ch\/2018\/12\/10\/programmez-une-excursion-raquette-a-neige-avec-votre-guide-dans-le-jura-vaudois\/"},"modified":"2018-12-10T10:22:12","modified_gmt":"2018-12-10T09:22:12","slug":"programmez-une-excursion-raquette-a-neige-avec-votre-guide-dans-le-jura-vaudois","status":"publish","type":"post","link":"https:\/\/www.tracea.ch\/de\/blog\/programmez-une-excursion-raquette-a-neige-avec-votre-guide-dans-le-jura-vaudois\/","title":{"rendered":"Programmez une excursion Raquette \u00e0 Neige avec votre guide dans le Jura Vaudois"},"content":{"rendered":"<p>Vous avez toujours voulu faire de la raquette mais vous n&rsquo;y connaissez rien ? Vous cherchez une occasion d&rsquo;enfiler des raquettes pour la premi\u00e8re fois ? Cette journ\u00e9e est pour vous !<br \/>\nNous vous proposons une journ\u00e9e d&rsquo;initiation \u00e0 la raquette. Nous commencerons par une petite partie th\u00e9orique sur le mat\u00e9riel et les points importants lors de la pr\u00e9paration d&rsquo;une randonn\u00e9e. Ensuite nous effectuerons une randonn\u00e9e facile dans le jura vaudois. Le lieu de la randonn\u00e9e d\u00e9pendra des conditions d&rsquo;enneigement. Il se situera dans la r\u00e9gion de St Cergue. Le point et l&rsquo;heure de rendez-vous sera transmise quelques jours \u00e0 l&rsquo;avance.\n<\/p>\n<p>&nbsp;<\/p>\n<p><!--more--><\/p>\n<h2>&nbsp;Cette&nbsp;excursion Raquette \u00e0 Neige&nbsp;en bref<\/h2>\n<div style=\"width: 100%; height: auto; padding-bottom: 40px; display: inline-block;\">\n<div style=\"width: 50%; float: right;\">&nbsp;En soir\u00e9e, en journ\u00e9e<\/p>\n<hr \/>\n<p><img decoding=\"async\" class=\"size-full wp-image-6039\" src=\"https:\/\/guide-vtt.ch\/wp-content\/uploads\/2018\/12\/picto-velo-VTT.png\" alt=\"sortie avec votre guide en raquette \u00e0 neige\" width=\"50\" height=\"50\" \/> Sortie \u00e0 partir de 60 CHF<\/div>\n<div style=\"width: 50%; float: left;\"><img decoding=\"async\" class=\"size-full wp-image-6040\" src=\"https:\/\/guide-vtt.ch\/wp-content\/uploads\/2018\/12\/picto-groupe-vtt.png\" alt=\"sortie avec votre guide en raquette \u00e0 neige\" width=\"50\" height=\"50\" \/> Maximum 10 pers.<\/p>\n<hr \/>\n<p><img decoding=\"async\" class=\"size-full wp-image-6041\" src=\"https:\/\/guide-vtt.ch\/wp-content\/uploads\/2018\/12\/picto-duree-vtt.png\" alt=\"sortie avec votre guide en raquette \u00e0 neige\" width=\"50\" height=\"50\" \/> Distance selon physique<\/div>\n<\/div>\n<p>&nbsp;<\/p>\n<h2>Votre sortie&nbsp;Raquette \u00e0 Neige cot\u00e9 mat\u00e9riel :<\/h2>\n<p>Des chaussures de randonn\u00e9e solides, confortables et imperm\u00e9ables, adapt\u00e9es \u00e0 l&rsquo;hiver, chaussettes longues et chaudes, sac \u00e0 dos, veste et pantalon imperm\u00e9able et coupe-vent avec ajustement aux chevilles ou gu\u00eatres s\u00e9par\u00e9es, gants imperm\u00e9ables et coupe-vent, cache-cou, bonnet, lunettes de soleil, eau potable et collations.<\/p>\n<div id=\"reserv\">\n<h2>R\u00e9servez une sortie en Raquette<\/h2>\n<p><script class=\"mra_script_iframe\" async src=\"https:\/\/booking.myrezapp.com\/bundles\/myrezappdashboard\/js\/Embed\/myrezapp_3rdparty_iframe.js\" data-key=\"210293f660a6237b480ec2ded2235d65\" data-id=\"mra_iframe_content_service49016\" data-lang=\"fr\" data-mode=\"service\" data-service=\"49016\" data-height=\"900px\"><\/script><\/p>\n<div  frameborder=\"0\" width=\"100%\" height=\"900px\" style=\"height:900px;width:100%\" allowtransparency=\"true\" id=\"mra_iframe_content_service49016\"><\/div>\n<\/div>\n<p>&nbsp;<\/p>\n<h2>Nous joindre ou nous rejoindre :&nbsp;<\/h2>\n<p>{loadmoduleid 162}<\/p>\n<p>&nbsp;<\/p>\n<h2>D&rsquo;autres&nbsp;excursions&nbsp;:<\/h2>\n<p>{loadmoduleid 164}<\/p>\n<p>&nbsp;<\/p>\n<p>{loadmoduleid 98}<\/p>\n<p>&nbsp;<\/p>","protected":false},"excerpt":{"rendered":"<p>Vous avez toujours voulu faire de la raquette mais vous n&rsquo;y connaissez rien ? Vous cherchez une occasion d&rsquo;enfiler des raquettes pour la premi\u00e8re fois ? Cette journ\u00e9e est pour vous ! Nous vous proposons une journ\u00e9e d&rsquo;initiation \u00e0 la raquette. Nous commencerons par une petite partie th\u00e9orique sur le mat\u00e9riel et les points importants [&hellip;]<\/p>\n","protected":false},"author":1,"featured_media":59411,"comment_status":"open","ping_status":"open","sticky":false,"template":"","format":"standard","meta":{"footnotes":""},"categories":[801],"tags":[802],"class_list":["post-59361","post","type-post","status-publish","format-standard","has-post-thumbnail","hentry","category-blog","tag-sorties-excursions"],"_links":{"self":[{"href":"https:\/\/www.tracea.ch\/de\/wp-json\/wp\/v2\/posts\/59361","targetHints":{"allow":["GET"]}}],"collection":[{"href":"https:\/\/www.tracea.ch\/de\/wp-json\/wp\/v2\/posts"}],"about":[{"href":"https:\/\/www.tracea.ch\/de\/wp-json\/wp\/v2\/types\/post"}],"author":[{"embeddable":true,"href":"https:\/\/www.tracea.ch\/de\/wp-json\/wp\/v2\/users\/1"}],"replies":[{"embeddable":true,"href":"https:\/\/www.tracea.ch\/de\/wp-json\/wp\/v2\/comments?post=59361"}],"version-history":[{"count":0,"href":"https:\/\/www.tracea.ch\/de\/wp-json\/wp\/v2\/posts\/59361\/revisions"}],"wp:featuredmedia":[{"embeddable":true,"href":"https:\/\/www.tracea.ch\/de\/wp-json\/wp\/v2\/media\/59411"}],"wp:attachment":[{"href":"https:\/\/www.tracea.ch\/de\/wp-json\/wp\/v2\/media?parent=59361"}],"wp:term":[{"taxonomy":"category","embeddable":true,"href":"https:\/\/www.tracea.ch\/de\/wp-json\/wp\/v2\/categories?post=59361"},{"taxonomy":"post_tag","embeddable":true,"href":"https:\/\/www.tracea.ch\/de\/wp-json\/wp\/v2\/tags?post=59361"}],"curies":[{"name":"wp","href":"https:\/\/api.w.org\/{rel}","templated":true}]}}