{"id":59369,"date":"2023-03-10T09:46:30","date_gmt":"2023-03-10T08:46:30","guid":{"rendered":"https:\/\/hiver.monvtt.ch\/2022\/03\/23\/les-sorties-coaching-en-route-vers-l-autonomie-2\/"},"modified":"2026-08-23T11:22:41","modified_gmt":"2026-08-23T11:22:41","slug":"les-sorties-coaching-en-route-vers-l-autonomie-2","status":"publish","type":"post","link":"https:\/\/www.tracea.ch\/de\/blog\/les-sorties-coaching-en-route-vers-l-autonomie-2\/","title":{"rendered":"Reprise des activit\u00e9s VTT !!"},"content":{"rendered":"<p>Reprise des festivit\u00e9s chez Tracea ?<\/p>\n<p>Vous avez les jambes qui gigottent et une envie folle d&rsquo;enfourcher votre monture?, c&rsquo;est bien normal ! Nos sorties guid\u00e9es et activit\u00e9s coaching VTT et VTTAE sont de retours.<\/p>\n<p>Pour un rappel des bases et une bonne reprise, nous vous conseillons une petite session coaching.<\/p>\n<p>Nos guides Damien, Alexy et Misa\u00ebl se r\u00e9jouissent de vous retrouver.<\/p>\n<p>Nos guides vous proposent des<strong> sorties personnalis\u00e9es<\/strong> de <strong>2:30 Stunden<\/strong> en semaine ou week-end pour <strong>d\u00e9buter<\/strong>, <strong>prendre confiance<\/strong> ou <strong>se perfectionner<\/strong> en Cross Country, Enduro ou VTT \u00e9lectrique.<\/p>\n<p>Chaque cours est enti\u00e8rement adapt\u00e9 \u00e0 vos besoins, votre niveau, vos envies et attentes, un entretien t\u00e9l\u00e9phonique permet au pr\u00e9alable de d\u00e9finir l&rsquo;orientation de la s\u00e9ance.<\/p>\n<p>Les sorties coaching vous aide \u00e0 prendre possession de toutes les techniques utiles et s\u00e9curitaires pour rouler dans des chemins forestiers ou engag\u00e9s.\u00a0 Le guide vous apportera la th\u00e9orie et s&rsquo;assurera de la mise en pratique au fur et \u00e0 mesure de la s\u00e9ance.<\/p>\n<p>Pendant cette session, vous d\u00e9couvrirez \u00e9galement quelques sentiers du Jura Vaudois, que vous pourrez ensuite partir explorer seul(e) gr\u00e2ce aux s\u00e9ances qui affinent \u00e9galement l&rsquo;orientation.<\/p>\n<p><a href=\"https:\/\/guide-vtt.ch\/sorties-et-excursions-guidees\/cours-coaching-pilotage-vtt.html\" target=\"_blank\" rel=\"noopener\"><span style=\"text-decoration: underline;\"><strong>R\u00e9servez votre s\u00e9ance Coaching Individuelle ou en Groupe.<\/strong><\/span><\/a><\/p>\n<p>\u00a0<\/p>","protected":false},"excerpt":{"rendered":"<p>Reprise des festivit\u00e9s chez Tracea ? Vous avez les jambes qui gigottent et une envie folle d&rsquo;enfourcher votre monture?, c&rsquo;est bien normal ! Nos sorties guid\u00e9es et activit\u00e9s coaching VTT et VTTAE sont de retours. Pour un rappel des bases et une bonne reprise, nous vous conseillons une petite session coaching. Nos guides Damien, Alexy [&hellip;]<\/p>\n","protected":false},"author":1,"featured_media":59574,"comment_status":"open","ping_status":"open","sticky":false,"template":"","format":"standard","meta":{"footnotes":""},"categories":[801],"tags":[802],"class_list":["post-59369","post","type-post","status-publish","format-standard","has-post-thumbnail","hentry","category-blog","tag-sorties-excursions"],"_links":{"self":[{"href":"https:\/\/www.tracea.ch\/de\/wp-json\/wp\/v2\/posts\/59369","targetHints":{"allow":["GET"]}}],"collection":[{"href":"https:\/\/www.tracea.ch\/de\/wp-json\/wp\/v2\/posts"}],"about":[{"href":"https:\/\/www.tracea.ch\/de\/wp-json\/wp\/v2\/types\/post"}],"author":[{"embeddable":true,"href":"https:\/\/www.tracea.ch\/de\/wp-json\/wp\/v2\/users\/1"}],"replies":[{"embeddable":true,"href":"https:\/\/www.tracea.ch\/de\/wp-json\/wp\/v2\/comments?post=59369"}],"version-history":[{"count":1,"href":"https:\/\/www.tracea.ch\/de\/wp-json\/wp\/v2\/posts\/59369\/revisions"}],"predecessor-version":[{"id":60023,"href":"https:\/\/www.tracea.ch\/de\/wp-json\/wp\/v2\/posts\/59369\/revisions\/60023"}],"wp:featuredmedia":[{"embeddable":true,"href":"https:\/\/www.tracea.ch\/de\/wp-json\/wp\/v2\/media\/59574"}],"wp:attachment":[{"href":"https:\/\/www.tracea.ch\/de\/wp-json\/wp\/v2\/media?parent=59369"}],"wp:term":[{"taxonomy":"category","embeddable":true,"href":"https:\/\/www.tracea.ch\/de\/wp-json\/wp\/v2\/categories?post=59369"},{"taxonomy":"post_tag","embeddable":true,"href":"https:\/\/www.tracea.ch\/de\/wp-json\/wp\/v2\/tags?post=59369"}],"curies":[{"name":"wp","href":"https:\/\/api.w.org\/{rel}","templated":true}]}}