{"id":59375,"date":"2025-04-10T07:55:43","date_gmt":"2025-04-10T05:55:43","guid":{"rendered":"https:\/\/monvtt.ch\/?p=32282"},"modified":"2026-08-23T11:22:41","modified_gmt":"2026-08-23T11:22:41","slug":"location-longue-duree-vtt-et-vtt-electrique","status":"publish","type":"post","link":"https:\/\/www.tracea.ch\/de\/blog\/location-longue-duree-vtt-et-vtt-electrique\/","title":{"rendered":"Location VTT Longue dur\u00e9e"},"content":{"rendered":"<h3>tracea.ch vous propose la location de VTT longue dur\u00e9e. Vous profitez de mod\u00e8les actuels des marques SCOTT et TREK pour un rapport qualit\u00e9-prix imbattable, entretien inclus. Vous b\u00e9n\u00e9ficiez d&rsquo;une flexibilit\u00e9 totale quant \u00e0 la dur\u00e9e de location.<\/h3>\n<p>\u00a0<\/p>\n<h4><\/h4>\n<h4><\/h4>\n<h4><a href=\"https:\/\/guide-vtt.ch\/wp-content\/uploads\/2023\/03\/Location-longue-duree.jpg\" target=\"_blank\" rel=\"noopener\"><img fetchpriority=\"high\" decoding=\"async\" class=\"alignright wp-image-32289\" src=\"https:\/\/guide-vtt.ch\/wp-content\/uploads\/2023\/03\/Location-longue-duree-212x300.jpg\" alt=\"\" width=\"600\" height=\"849\"><\/a><\/h4>\n<h4><\/h4>\n<h4><\/h4>\n<h4>Location longue dur\u00e9e &#8211; vos avantages<\/h4>\n<p data-wp-editing=\"1\">Dur\u00e9e de location possible \u00e0 partir de 3 mois<br \/>\nProlongation mensuelle flexible<br \/>\nMod\u00e8les actuels des marques SCOTT et TREK<br \/>\nContrat simple et prix de location \u00e9quitables<br \/>\nLivraison \u00e0 domicile possible.<\/p>\n<p>\u00a0<\/p>\n<h4><strong>D\u00e9roulement de la location VTT Longue dur\u00e9e<\/strong><\/h4>\n<p><strong>D\u00e9but de la location longue dur\u00e9e<\/strong><br \/>\nContactez notre magasin pour choisir et r\u00e9server le VTT de votre choix.<\/p>\n<p><strong>Confirmation<\/strong><br \/>\nApr\u00e8s v\u00e9rification et acceptation de nos conditions g\u00e9n\u00e9rales de location longue dur\u00e9e, vous recevrez une confirmation de commande.<\/p>\n<p><strong>Retrait<\/strong><br \/>\nPassez \u00e0 la date choisie \u00e0 notre magasin et r\u00e9cup\u00e9rez votre location longue dur\u00e9e. La totalit\u00e9 de la location pour la p\u00e9riode choisie est due au moment de l&rsquo;enl\u00e8vement.<\/p>\n<p>\u00a0<\/p>\n<p><strong>Prolongation<\/strong><br \/>\nLa location peut \u00eatre prolong\u00e9e de mani\u00e8re flexible jusqu&rsquo;\u00e0 une dur\u00e9e de location maximale de 6. Pour la prolongation, \u00e9crivez un e-mail \u00e0 shop@tracea.ch.<\/p>\n<p>\u00a0<\/p>\n<p><strong>Restitution<\/strong><br \/>\nRapportez le v\u00e9lo et tous les accessoires (chargeur, cl\u00e9, mode d&#8217;emploi).<\/p>\n<p>Exemple de VTT Electrique en location longue dur\u00e9e : <a href=\"https:\/\/www.scott-sports.com\/ch\/fr\/product\/scott-aspect-eride-930-bike\" target=\"_blank\" rel=\"noopener\">VTT SCOTT ASPECT E-RIDE 930<\/a><\/p>\n<p>\u00a0<\/p>\n<h5>Plus d\u2019informations sur notre location de VTT Longue Dur\u00e9e :<\/h5>\n<p>tracea.ch \u2013 Route d\u2019Arzier 16 \u2013 1264 Saint-Cergue \u2013 022 559 30 09 \/shop@tracea.ch<\/p>","protected":false},"excerpt":{"rendered":"<p>tracea.ch vous propose la location de VTT longue dur\u00e9e. Vous profitez de mod\u00e8les actuels des marques SCOTT et TREK pour un rapport qualit\u00e9-prix imbattable, entretien inclus. Vous b\u00e9n\u00e9ficiez d&rsquo;une flexibilit\u00e9 totale quant \u00e0 la dur\u00e9e de location. \u00a0 Location longue dur\u00e9e &#8211; vos avantages Dur\u00e9e de location possible \u00e0 partir de 3 mois Prolongation mensuelle [&hellip;]<\/p>\n","protected":false},"author":1,"featured_media":59628,"comment_status":"closed","ping_status":"closed","sticky":false,"template":"","format":"standard","meta":{"footnotes":""},"categories":[801],"tags":[808,803],"class_list":["post-59375","post","type-post","status-publish","format-standard","has-post-thumbnail","hentry","category-blog","tag-actualites","tag-location"],"_links":{"self":[{"href":"https:\/\/www.tracea.ch\/de\/wp-json\/wp\/v2\/posts\/59375","targetHints":{"allow":["GET"]}}],"collection":[{"href":"https:\/\/www.tracea.ch\/de\/wp-json\/wp\/v2\/posts"}],"about":[{"href":"https:\/\/www.tracea.ch\/de\/wp-json\/wp\/v2\/types\/post"}],"author":[{"embeddable":true,"href":"https:\/\/www.tracea.ch\/de\/wp-json\/wp\/v2\/users\/1"}],"replies":[{"embeddable":true,"href":"https:\/\/www.tracea.ch\/de\/wp-json\/wp\/v2\/comments?post=59375"}],"version-history":[{"count":1,"href":"https:\/\/www.tracea.ch\/de\/wp-json\/wp\/v2\/posts\/59375\/revisions"}],"predecessor-version":[{"id":60006,"href":"https:\/\/www.tracea.ch\/de\/wp-json\/wp\/v2\/posts\/59375\/revisions\/60006"}],"wp:featuredmedia":[{"embeddable":true,"href":"https:\/\/www.tracea.ch\/de\/wp-json\/wp\/v2\/media\/59628"}],"wp:attachment":[{"href":"https:\/\/www.tracea.ch\/de\/wp-json\/wp\/v2\/media?parent=59375"}],"wp:term":[{"taxonomy":"category","embeddable":true,"href":"https:\/\/www.tracea.ch\/de\/wp-json\/wp\/v2\/categories?post=59375"},{"taxonomy":"post_tag","embeddable":true,"href":"https:\/\/www.tracea.ch\/de\/wp-json\/wp\/v2\/tags?post=59375"}],"curies":[{"name":"wp","href":"https:\/\/api.w.org\/{rel}","templated":true}]}}