{"id":59376,"date":"2023-04-11T12:50:15","date_gmt":"2023-04-11T10:50:15","guid":{"rendered":"https:\/\/monvtt.ch\/?p=32378"},"modified":"2026-08-23T11:22:41","modified_gmt":"2026-08-23T11:22:41","slug":"week-end-de-paques-sur-le-vtt","status":"publish","type":"post","link":"https:\/\/www.tracea.ch\/de\/blog\/week-end-de-paques-sur-le-vtt\/","title":{"rendered":"Week-end de P\u00e2ques sur le VTT"},"content":{"rendered":"<p>Les guides tracea.ch ont repris du service et il n\u00b4y a pas \u00e0 dire, ils \u00e9taient impatients \ud83d\ude07 Ce matin c\u00b4\u00e9tait juste magique \ud83d\udcab On vous attend pour votre prochaine <a href=\"https:\/\/guide-vtt.ch\/nos-sorties-guidees-en-vtt.html\" target=\"_blank\" rel=\"noopener\">balade en VTT<\/a> ou E-Bike \ud83d\ude0b<\/p>\n<p><a href=\"https:\/\/guide-vtt.ch\/wp-content\/uploads\/2023\/04\/Sortie-Enduro-Monvtt-3.jpg\" target=\"_blank\" rel=\"noopener\"><img fetchpriority=\"high\" decoding=\"async\" class=\"wp-image-32380 alignleft\" src=\"https:\/\/guide-vtt.ch\/wp-content\/uploads\/2023\/04\/Sortie-Enduro-Monvtt-3-300x139.jpg\" alt=\"VTT entre neige et rocher du c\u00f4t\u00e9 de La D\u00f4le\" width=\"520\" height=\"241\"><\/a><a href=\"https:\/\/guide-vtt.ch\/wp-content\/uploads\/2023\/04\/Sortie-Enduro-Monvtt-2.jpg\" target=\"_blank\" rel=\"noopener\"><img decoding=\"async\" class=\"alignright wp-image-32379\" src=\"https:\/\/guide-vtt.ch\/wp-content\/uploads\/2023\/04\/Sortie-Enduro-Monvtt-2-300x139.jpg\" alt=\"Descente face nord avec quelques portions bien enneig\u00e9es !\" width=\"522\" height=\"242\"><\/a><\/p>\n<p>En <a href=\"https:\/\/guide-vtt.ch\/\" target=\"_blank\" rel=\"noopener\">Mountainbike<\/a> sur des singletrails spectaculaires \u00e0 travers le Jura, de Saint-Cergue jusqu&rsquo;au lac L\u00e9man ou via les Le Col du Mollendruz. Que tu sois plut\u00f4t du type Enduro, All Mountain ou Tour, nous avons le circuit qui te convient !<\/p>\n<p>Exemple de tour : L&rsquo;itin\u00e9raire Mont Tendre Bike vous propose de d\u00e9couvrir toute la diversit\u00e9 de la Vall\u00e9e de Joux. Le parcours en boucle vous emm\u00e8ne sur les contreforts du plus haut sommet du Jura suisse, le Mont Tendre (1680m), et revient par la rive sud du Lac de Joux.<\/p>\n<p><a href=\"https:\/\/guide-vtt.ch\/excursions-vtt-jura.html\" target=\"_blank\" rel=\"noopener\">Infos et r\u00e9servations sur nos excursions guid\u00e9es en VTT<\/a><\/p>","protected":false},"excerpt":{"rendered":"<p>Les guides tracea.ch ont repris du service et il n\u00b4y a pas \u00e0 dire, ils \u00e9taient impatients \ud83d\ude07 Ce matin c\u00b4\u00e9tait juste magique \ud83d\udcab On vous attend pour votre prochaine balade en VTT ou E-Bike \ud83d\ude0b En VTT sur des singletrails spectaculaires \u00e0 travers le Jura, de Saint-Cergue jusqu&rsquo;au lac L\u00e9man ou via les Le [&hellip;]<\/p>\n","protected":false},"author":1,"featured_media":59585,"comment_status":"closed","ping_status":"closed","sticky":false,"template":"","format":"standard","meta":{"footnotes":""},"categories":[801],"tags":[802,831],"class_list":["post-59376","post","type-post","status-publish","format-standard","has-post-thumbnail","hentry","category-blog","tag-sorties-excursions","tag-vtt-jura"],"_links":{"self":[{"href":"https:\/\/www.tracea.ch\/de\/wp-json\/wp\/v2\/posts\/59376","targetHints":{"allow":["GET"]}}],"collection":[{"href":"https:\/\/www.tracea.ch\/de\/wp-json\/wp\/v2\/posts"}],"about":[{"href":"https:\/\/www.tracea.ch\/de\/wp-json\/wp\/v2\/types\/post"}],"author":[{"embeddable":true,"href":"https:\/\/www.tracea.ch\/de\/wp-json\/wp\/v2\/users\/1"}],"replies":[{"embeddable":true,"href":"https:\/\/www.tracea.ch\/de\/wp-json\/wp\/v2\/comments?post=59376"}],"version-history":[{"count":1,"href":"https:\/\/www.tracea.ch\/de\/wp-json\/wp\/v2\/posts\/59376\/revisions"}],"predecessor-version":[{"id":60019,"href":"https:\/\/www.tracea.ch\/de\/wp-json\/wp\/v2\/posts\/59376\/revisions\/60019"}],"wp:featuredmedia":[{"embeddable":true,"href":"https:\/\/www.tracea.ch\/de\/wp-json\/wp\/v2\/media\/59585"}],"wp:attachment":[{"href":"https:\/\/www.tracea.ch\/de\/wp-json\/wp\/v2\/media?parent=59376"}],"wp:term":[{"taxonomy":"category","embeddable":true,"href":"https:\/\/www.tracea.ch\/de\/wp-json\/wp\/v2\/categories?post=59376"},{"taxonomy":"post_tag","embeddable":true,"href":"https:\/\/www.tracea.ch\/de\/wp-json\/wp\/v2\/tags?post=59376"}],"curies":[{"name":"wp","href":"https:\/\/api.w.org\/{rel}","templated":true}]}}