{"id":59383,"date":"2023-08-10T15:23:34","date_gmt":"2023-08-10T13:23:34","guid":{"rendered":"https:\/\/monvtt.ch\/?p=33092"},"modified":"2026-08-28T19:56:10","modified_gmt":"2026-08-28T19:56:10","slug":"course-vtt-la-barillette","status":"publish","type":"post","link":"https:\/\/www.tracea.ch\/de\/blog\/course-vtt-la-barillette\/","title":{"rendered":"Course VTT La Barillette &#8211; Dimanche 27 ao\u00fbt"},"content":{"rendered":"<p>NOUVEAUT\u00c9S EN 2023<\/p>\n<p>Cette ann\u00e9e nous innovons en te proposant, au-del\u00e0 des courses traditionnelles, une course en relai! Cette \u201cup&amp;down\u201d se d\u00e9roulera sur le parcours des 38km, avec un passage de t\u00e9moin au ravitaillement de la ferme de la Barillette. Comme \u00e7a, toi tu te farcis la mont\u00e9e et tu proposes de mani\u00e8re galante \u00e0 un co\u00e9quipier ou une co\u00e9quipi\u00e8re de faire la descente!<\/p>\n<p>Et pour l\u2019e-bike, nous n\u2019allons d\u00e9sormais que te chronom\u00e9trer. Tu pourras ainsi utiliser une monture totalement d\u00e9brid\u00e9e pour claquer un temps, mais par respect pour les autres concurrents qui ne boxent pas dans ta cat\u00e9gorie, il n\u2019y aura pas de classement et plus de podium.<\/p>\n<p><a href=\"https:\/\/www.mso-chrono.ch\/fr\/2023\/1882-vtt-la-barillette#widget-1882\" target=\"_blank\" rel=\"noopener\">INSCRIS-TOI!<\/a><br \/>\nTu peux t\u2019inscrire pour l\u2019\u00e9dition 2023 en ligne jusqu\u2019au 23 ao\u00fbt, sinon sur place avec un suppl\u00e9ment<\/p>\n<p>V\u00c9LOSOPHE GRAVEL TROPHY<br \/>\nLa V\u00e9losophe Gravel Trophy est une invitation \u00e0 la d\u00e9couverte des contreforts du massif du Jura, entre Ch\u00e9serex et Bassins. Cet \u00e9v\u00e9nement se veut une randonn\u00e9e-d\u00e9couverte et non une course en soi!<br \/>\nLes participants sont invit\u00e9s \u00e0 t\u00e9l\u00e9charger un trac\u00e9 GPS et \u00e0 l\u2019installer sur leur propre dispositif. Aucune indication de parcours ne sera donn\u00e9e sur le terrain.<br \/>\nLe circuit propos\u00e9 emprunte aussi des routes ouvertes \u00e0 la circulation. La vigilance est donc de mise, ainsi que le respect total du code de la route par les participants.<\/p>\n<p>Informations compl\u00e9mentaires : https:\/\/www.vtt-barillette.ch\/<\/p>\n<p>&nbsp;<\/p>\n<p>&nbsp;<\/p>","protected":false},"excerpt":{"rendered":"<p>NOUVEAUT\u00c9S EN 2023 Cette ann\u00e9e nous innovons en te proposant, au-del\u00e0 des courses traditionnelles, une course en relai! Cette \u201cup&amp;down\u201d se d\u00e9roulera sur le parcours des 38km, avec un passage de t\u00e9moin au ravitaillement de la ferme de la Barillette. Comme \u00e7a, toi tu te farcis la mont\u00e9e et tu proposes de mani\u00e8re galante \u00e0 [&hellip;]<\/p>\n","protected":false},"author":1,"featured_media":59645,"comment_status":"closed","ping_status":"closed","sticky":false,"template":"","format":"standard","meta":{"footnotes":""},"categories":[801],"tags":[808,831],"class_list":["post-59383","post","type-post","status-publish","format-standard","has-post-thumbnail","hentry","category-blog","tag-actualites","tag-vtt-jura"],"_links":{"self":[{"href":"https:\/\/www.tracea.ch\/de\/wp-json\/wp\/v2\/posts\/59383","targetHints":{"allow":["GET"]}}],"collection":[{"href":"https:\/\/www.tracea.ch\/de\/wp-json\/wp\/v2\/posts"}],"about":[{"href":"https:\/\/www.tracea.ch\/de\/wp-json\/wp\/v2\/types\/post"}],"author":[{"embeddable":true,"href":"https:\/\/www.tracea.ch\/de\/wp-json\/wp\/v2\/users\/1"}],"replies":[{"embeddable":true,"href":"https:\/\/www.tracea.ch\/de\/wp-json\/wp\/v2\/comments?post=59383"}],"version-history":[{"count":1,"href":"https:\/\/www.tracea.ch\/de\/wp-json\/wp\/v2\/posts\/59383\/revisions"}],"predecessor-version":[{"id":60178,"href":"https:\/\/www.tracea.ch\/de\/wp-json\/wp\/v2\/posts\/59383\/revisions\/60178"}],"wp:featuredmedia":[{"embeddable":true,"href":"https:\/\/www.tracea.ch\/de\/wp-json\/wp\/v2\/media\/59645"}],"wp:attachment":[{"href":"https:\/\/www.tracea.ch\/de\/wp-json\/wp\/v2\/media?parent=59383"}],"wp:term":[{"taxonomy":"category","embeddable":true,"href":"https:\/\/www.tracea.ch\/de\/wp-json\/wp\/v2\/categories?post=59383"},{"taxonomy":"post_tag","embeddable":true,"href":"https:\/\/www.tracea.ch\/de\/wp-json\/wp\/v2\/tags?post=59383"}],"curies":[{"name":"wp","href":"https:\/\/api.w.org\/{rel}","templated":true}]}}