{"id":59385,"date":"2023-10-02T17:47:52","date_gmt":"2023-10-02T15:47:52","guid":{"rendered":"https:\/\/monvtt.ch\/?p=33399"},"modified":"2026-08-28T19:56:08","modified_gmt":"2026-08-28T19:56:08","slug":"fin-de-saison-vente-de-nos-velos-tests","status":"publish","type":"post","link":"https:\/\/www.tracea.ch\/de\/blog\/fin-de-saison-vente-de-nos-velos-tests\/","title":{"rendered":"Fin de saison, vente de nos v\u00e9los tests !"},"content":{"rendered":"<p>La fin de saison approche \u00e0 grand pas, il est temps de vendre nos 25 v\u00e9los de l&rsquo;ann\u00e9e et de pr\u00e9parer 2024 !<\/p>\n<p>Profitez d&rsquo;offres exceptionnelles sur nos VTT, VTT Electriques ou VTT enfants. Vous trouverez ci-dessous la liste des v\u00e9los disponibles dans le courant du mois d&rsquo;octobre. A noter que tous nos v\u00e9los seront visibles \u00e0 l&rsquo;occasion de notre journ\u00e9e du v\u00e9los du samedi 7 octobre. La m\u00e9t\u00e9o s&rsquo;annonce radieuse et il reste quelques places pour essayer votre future <a href=\"https:\/\/veloenligne.ch\/vente-et-service-en-ligne-velo\/velo-enfants.html\" target=\"_blank\" rel=\"noopener\">Fahrrad<\/a> sur l&rsquo;une de nos sorties guid\u00e9es (<a href=\"https:\/\/guide-vtt.ch\/2023\/08\/08\/journee-bike-test-samedi-7-octobre-2023.html\" target=\"_blank\" rel=\"noopener\">Infos et r\u00e9servations<\/a>).<\/p>\n<p>&nbsp;<\/p>\n<p><a href=\"https:\/\/guide-vtt.ch\/wp-content\/uploads\/2023\/10\/VTT-a-vendre.jpg\" target=\"_blank\" rel=\"noopener\"><img fetchpriority=\"high\" decoding=\"async\" class=\"wp-image-33401 aligncenter\" src=\"https:\/\/guide-vtt.ch\/wp-content\/uploads\/2023\/10\/VTT-a-vendre-300x177.jpg\" alt=\"\" width=\"751\" height=\"443\" \/><\/a><\/p>","protected":false},"excerpt":{"rendered":"<p>La fin de saison approche \u00e0 grand pas, il est temps de vendre nos 25 v\u00e9los de l&rsquo;ann\u00e9e et de pr\u00e9parer 2024 ! Profitez d&rsquo;offres exceptionnelles sur nos VTT, VTT Electriques ou VTT enfants. Vous trouverez ci-dessous la liste des v\u00e9los disponibles dans le courant du mois d&rsquo;octobre. A noter que tous nos v\u00e9los seront [&hellip;]<\/p>\n","protected":false},"author":1,"featured_media":59629,"comment_status":"closed","ping_status":"closed","sticky":false,"template":"","format":"standard","meta":{"footnotes":""},"categories":[801],"tags":[808,891,831,878],"class_list":["post-59385","post","type-post","status-publish","format-standard","has-post-thumbnail","hentry","category-blog","tag-actualites","tag-vtt-electrique","tag-vtt-jura","tag-vtt-vaud"],"_links":{"self":[{"href":"https:\/\/www.tracea.ch\/de\/wp-json\/wp\/v2\/posts\/59385","targetHints":{"allow":["GET"]}}],"collection":[{"href":"https:\/\/www.tracea.ch\/de\/wp-json\/wp\/v2\/posts"}],"about":[{"href":"https:\/\/www.tracea.ch\/de\/wp-json\/wp\/v2\/types\/post"}],"author":[{"embeddable":true,"href":"https:\/\/www.tracea.ch\/de\/wp-json\/wp\/v2\/users\/1"}],"replies":[{"embeddable":true,"href":"https:\/\/www.tracea.ch\/de\/wp-json\/wp\/v2\/comments?post=59385"}],"version-history":[{"count":1,"href":"https:\/\/www.tracea.ch\/de\/wp-json\/wp\/v2\/posts\/59385\/revisions"}],"predecessor-version":[{"id":60177,"href":"https:\/\/www.tracea.ch\/de\/wp-json\/wp\/v2\/posts\/59385\/revisions\/60177"}],"wp:featuredmedia":[{"embeddable":true,"href":"https:\/\/www.tracea.ch\/de\/wp-json\/wp\/v2\/media\/59629"}],"wp:attachment":[{"href":"https:\/\/www.tracea.ch\/de\/wp-json\/wp\/v2\/media?parent=59385"}],"wp:term":[{"taxonomy":"category","embeddable":true,"href":"https:\/\/www.tracea.ch\/de\/wp-json\/wp\/v2\/categories?post=59385"},{"taxonomy":"post_tag","embeddable":true,"href":"https:\/\/www.tracea.ch\/de\/wp-json\/wp\/v2\/tags?post=59385"}],"curies":[{"name":"wp","href":"https:\/\/api.w.org\/{rel}","templated":true}]}}