{"id":59393,"date":"2024-03-06T12:55:39","date_gmt":"2024-03-06T11:55:39","guid":{"rendered":"https:\/\/monvtt.ch\/?p=33829"},"modified":"2024-03-06T12:55:39","modified_gmt":"2024-03-06T11:55:39","slug":"duel-intercommunal-de-suisse-bouge-2024","status":"publish","type":"post","link":"https:\/\/www.tracea.ch\/de\/blog\/duel-intercommunal-de-suisse-bouge-2024\/","title":{"rendered":"Duel Intercommunal de Suisse Bouge 2024"},"content":{"rendered":"<p>Une f\u00eate du mouvement pour les petits et grands.<\/p>\n<p>Le \u00ab Duel intercommunal Coop \u00bb est le plus grand programme national destin\u00e9 \u00e0 encourager l\u2019activit\u00e9 physique au sein de la population. Mise en place par l\u2019Office f\u00e9d\u00e9ral du sport OFSPO en 2005, la manifestation est aujourd\u2019hui coordonn\u00e9e et g\u00e9r\u00e9e par l\u2019organisation \u00ab suisse.bouge \u00bb. La manifestation a pour but de donner du plaisir \u00e0 pratiquer des activit\u00e9s sportives, \u00e0 bouger r\u00e9guli\u00e8rement \u2013 sans pression de la performance! C\u2019est le plaisir de bouger qui est au coeur du projet!<\/p>","protected":false},"excerpt":{"rendered":"<p>Une f\u00eate du mouvement pour les petits et grands. Le \u00ab Duel intercommunal Coop \u00bb est le plus grand programme national destin\u00e9 \u00e0 encourager l\u2019activit\u00e9 physique au sein de la population. Mise en place par l\u2019Office f\u00e9d\u00e9ral du sport OFSPO en 2005, la manifestation est aujourd\u2019hui coordonn\u00e9e et g\u00e9r\u00e9e par l\u2019organisation \u00ab suisse.bouge \u00bb. La [&hellip;]<\/p>\n","protected":false},"author":1,"featured_media":59686,"comment_status":"closed","ping_status":"closed","sticky":false,"template":"","format":"standard","meta":{"footnotes":""},"categories":[801],"tags":[808,831],"class_list":["post-59393","post","type-post","status-publish","format-standard","has-post-thumbnail","hentry","category-blog","tag-actualites","tag-vtt-jura"],"_links":{"self":[{"href":"https:\/\/www.tracea.ch\/de\/wp-json\/wp\/v2\/posts\/59393","targetHints":{"allow":["GET"]}}],"collection":[{"href":"https:\/\/www.tracea.ch\/de\/wp-json\/wp\/v2\/posts"}],"about":[{"href":"https:\/\/www.tracea.ch\/de\/wp-json\/wp\/v2\/types\/post"}],"author":[{"embeddable":true,"href":"https:\/\/www.tracea.ch\/de\/wp-json\/wp\/v2\/users\/1"}],"replies":[{"embeddable":true,"href":"https:\/\/www.tracea.ch\/de\/wp-json\/wp\/v2\/comments?post=59393"}],"version-history":[{"count":0,"href":"https:\/\/www.tracea.ch\/de\/wp-json\/wp\/v2\/posts\/59393\/revisions"}],"wp:featuredmedia":[{"embeddable":true,"href":"https:\/\/www.tracea.ch\/de\/wp-json\/wp\/v2\/media\/59686"}],"wp:attachment":[{"href":"https:\/\/www.tracea.ch\/de\/wp-json\/wp\/v2\/media?parent=59393"}],"wp:term":[{"taxonomy":"category","embeddable":true,"href":"https:\/\/www.tracea.ch\/de\/wp-json\/wp\/v2\/categories?post=59393"},{"taxonomy":"post_tag","embeddable":true,"href":"https:\/\/www.tracea.ch\/de\/wp-json\/wp\/v2\/tags?post=59393"}],"curies":[{"name":"wp","href":"https:\/\/api.w.org\/{rel}","templated":true}]}}