{"id":59395,"date":"2024-05-08T10:05:57","date_gmt":"2024-05-08T08:05:57","guid":{"rendered":"https:\/\/monvtt.ch\/?p=33994"},"modified":"2026-08-23T11:22:41","modified_gmt":"2026-08-23T11:22:41","slug":"magasin-ferme","status":"publish","type":"post","link":"https:\/\/www.tracea.ch\/de\/blog\/magasin-ferme\/","title":{"rendered":"Magasin ferm\u00e9 jusqu&rsquo;au 20 mai"},"content":{"rendered":"<p>Notre atelier et service location seront ferm\u00e9s jusqu&rsquo;au mardi 20 mai \u00e0 9h00. Nous souhaitons de bonnes vacances \u00e0 notre m\u00e9cano en chef Alexy !<br class=\"html-br\">Pour vos sorties guid\u00e9es ou coaching, vous pouvez joindre Damien au 079 257 64 00 ou par mail \u00e0 guide@tracea.ch.<\/p>","protected":false},"excerpt":{"rendered":"<p>Notre atelier et service location seront ferm\u00e9s jusqu&rsquo;au mardi 20 mai \u00e0 9h00. Nous souhaitons de bonnes vacances \u00e0 notre m\u00e9cano en chef Alexy !Pour vos sorties guid\u00e9es ou coaching, vous pouvez joindre Damien au 079 257 64 00 ou par mail \u00e0 guide@tracea.ch.<\/p>","protected":false},"author":1,"featured_media":59704,"comment_status":"closed","ping_status":"closed","sticky":false,"template":"","format":"standard","meta":{"footnotes":""},"categories":[801],"tags":[808,878],"class_list":["post-59395","post","type-post","status-publish","format-standard","has-post-thumbnail","hentry","category-blog","tag-actualites","tag-vtt-vaud"],"_links":{"self":[{"href":"https:\/\/www.tracea.ch\/de\/wp-json\/wp\/v2\/posts\/59395","targetHints":{"allow":["GET"]}}],"collection":[{"href":"https:\/\/www.tracea.ch\/de\/wp-json\/wp\/v2\/posts"}],"about":[{"href":"https:\/\/www.tracea.ch\/de\/wp-json\/wp\/v2\/types\/post"}],"author":[{"embeddable":true,"href":"https:\/\/www.tracea.ch\/de\/wp-json\/wp\/v2\/users\/1"}],"replies":[{"embeddable":true,"href":"https:\/\/www.tracea.ch\/de\/wp-json\/wp\/v2\/comments?post=59395"}],"version-history":[{"count":1,"href":"https:\/\/www.tracea.ch\/de\/wp-json\/wp\/v2\/posts\/59395\/revisions"}],"predecessor-version":[{"id":60013,"href":"https:\/\/www.tracea.ch\/de\/wp-json\/wp\/v2\/posts\/59395\/revisions\/60013"}],"wp:featuredmedia":[{"embeddable":true,"href":"https:\/\/www.tracea.ch\/de\/wp-json\/wp\/v2\/media\/59704"}],"wp:attachment":[{"href":"https:\/\/www.tracea.ch\/de\/wp-json\/wp\/v2\/media?parent=59395"}],"wp:term":[{"taxonomy":"category","embeddable":true,"href":"https:\/\/www.tracea.ch\/de\/wp-json\/wp\/v2\/categories?post=59395"},{"taxonomy":"post_tag","embeddable":true,"href":"https:\/\/www.tracea.ch\/de\/wp-json\/wp\/v2\/tags?post=59395"}],"curies":[{"name":"wp","href":"https:\/\/api.w.org\/{rel}","templated":true}]}}