{"id":59404,"date":"2024-11-30T13:21:59","date_gmt":"2024-11-30T12:21:59","guid":{"rendered":"https:\/\/monvtt.ch\/?p=34641"},"modified":"2026-08-23T11:22:41","modified_gmt":"2026-08-23T11:22:41","slug":"destockage-fin-de-saison-chez-monvtt-ch","status":"publish","type":"post","link":"https:\/\/www.tracea.ch\/de\/blog\/destockage-fin-de-saison-chez-monvtt-ch\/","title":{"rendered":"D\u00e9stockage fin de saison chez tracea.ch"},"content":{"rendered":"<p>D\u00e9stockage fin de saison chez Tracea !<\/p>\n<p>La fin de saison \u00e0 sonn\u00e9, quelques-uns de nos v\u00e9los sont \u00e0 vendre<\/p>\n<p>Profitez d\u2019offres exceptionnelles sur nos VTT et VTT Electriques. Les meilleurs mod\u00e8les de VTT et VTT Electriques sont disponibles au meilleur prix que vous recherchiez un VTT enduro ou cross-country. Les promotions faites sur les grandes marques de VTT vous permettront de rouler en toute s\u00e9curit\u00e9 et de prendre du plaisir sur votre v\u00e9lo.<\/p>\n<p>Profitez d\u2019offres exceptionnelles sur nos VTT et VTT Electriques. Vous trouverez ci-dessous la liste des v\u00e9los disponibles \u00e0 la vente.<br \/>\n<div class=\"wpmf-gallerys wpmf-gallerys-life\" ><div id=\"gallery-1\" class=\"gallery gallery_life wpmf_gallery_default gallery_default  gallery-columns-2 gallery-size-large gallery-link-post wpmf-has-border-radius-0 wpmf-gutterwidth-5 no_ratio\"><figure class=\"wpmf-gallery-item\" data-index=\"0\"><div class=\"wpmf-gallery-icon\"><div class=\"square_thumbnail\"><div class=\"img_centered\"><a class=\"not_video noLightbox\" data-lightbox=\"0\" data-href=\"https:\/\/www.tracea.ch\/wp-content\/uploads\/2026\/Vaude\/43267_509_s_6-700x1024.jpg\" title=\"43267 509 S 6\" target=\"_self\" data-index=\"0\"><img decoding=\"async\" class=\"wpmf_img\" alt=\"43267 509 S 6\" src=\"https:\/\/www.tracea.ch\/wp-content\/uploads\/2026\/Vaude\/43267_509_s_6-700x1024.jpg\" data-type=\"wpmfgalleryimg\" data-attachment-id=\"34650\" data-wpmf-size=\"large\" data-lazy-src=\"https:\/\/www.tracea.ch\/wp-content\/uploads\/2026\/Vaude\/43267_509_s_6-700x1024.jpg\"><\/a><\/div><\/div><\/div><\/figure><figure class=\"wpmf-gallery-item\" data-index=\"1\"><div class=\"wpmf-gallery-icon\"><div class=\"square_thumbnail\"><div class=\"img_centered\"><a class=\"not_video noLightbox\" data-lightbox=\"0\" data-href=\"https:\/\/www.tracea.ch\/wp-content\/uploads\/2026\/Vaude\/43267_509_s1_6-1024x808.jpg\" title=\"43267 509 S1 6\" target=\"_self\" data-index=\"1\"><img decoding=\"async\" class=\"wpmf_img\" alt=\"43267 509 S1 6\" src=\"https:\/\/www.tracea.ch\/wp-content\/uploads\/2026\/Vaude\/43267_509_s1_6-1024x808.jpg\" data-type=\"wpmfgalleryimg\" data-attachment-id=\"34647\" data-wpmf-size=\"large\" data-lazy-src=\"https:\/\/www.tracea.ch\/wp-content\/uploads\/2026\/Vaude\/43267_509_s1_6-1024x808.jpg\"><\/a><\/div><\/div><\/div><\/figure><\/div><\/div><\/p>","protected":false},"excerpt":{"rendered":"<p>D\u00e9stockage fin de saison chez Tracea ! La fin de saison \u00e0 sonn\u00e9, quelques-uns de nos v\u00e9los sont \u00e0 vendre Profitez d\u2019offres exceptionnelles sur nos VTT et VTT Electriques. Les meilleurs mod\u00e8les de VTT et VTT Electriques sont disponibles au meilleur prix que vous recherchiez un VTT enduro ou cross-country. Les promotions faites sur les [&hellip;]<\/p>\n","protected":false},"author":1,"featured_media":59873,"comment_status":"closed","ping_status":"closed","sticky":false,"template":"","format":"standard","meta":{"footnotes":""},"categories":[801],"tags":[808],"class_list":["post-59404","post","type-post","status-publish","format-standard","has-post-thumbnail","hentry","category-blog","tag-actualites"],"_links":{"self":[{"href":"https:\/\/www.tracea.ch\/de\/wp-json\/wp\/v2\/posts\/59404","targetHints":{"allow":["GET"]}}],"collection":[{"href":"https:\/\/www.tracea.ch\/de\/wp-json\/wp\/v2\/posts"}],"about":[{"href":"https:\/\/www.tracea.ch\/de\/wp-json\/wp\/v2\/types\/post"}],"author":[{"embeddable":true,"href":"https:\/\/www.tracea.ch\/de\/wp-json\/wp\/v2\/users\/1"}],"replies":[{"embeddable":true,"href":"https:\/\/www.tracea.ch\/de\/wp-json\/wp\/v2\/comments?post=59404"}],"version-history":[{"count":1,"href":"https:\/\/www.tracea.ch\/de\/wp-json\/wp\/v2\/posts\/59404\/revisions"}],"predecessor-version":[{"id":60009,"href":"https:\/\/www.tracea.ch\/de\/wp-json\/wp\/v2\/posts\/59404\/revisions\/60009"}],"wp:featuredmedia":[{"embeddable":true,"href":"https:\/\/www.tracea.ch\/de\/wp-json\/wp\/v2\/media\/59873"}],"wp:attachment":[{"href":"https:\/\/www.tracea.ch\/de\/wp-json\/wp\/v2\/media?parent=59404"}],"wp:term":[{"taxonomy":"category","embeddable":true,"href":"https:\/\/www.tracea.ch\/de\/wp-json\/wp\/v2\/categories?post=59404"},{"taxonomy":"post_tag","embeddable":true,"href":"https:\/\/www.tracea.ch\/de\/wp-json\/wp\/v2\/tags?post=59404"}],"curies":[{"name":"wp","href":"https:\/\/api.w.org\/{rel}","templated":true}]}}