{"id":59405,"date":"2024-12-23T09:32:05","date_gmt":"2024-12-23T08:32:05","guid":{"rendered":"https:\/\/monvtt.ch\/?p=34693"},"modified":"2026-08-23T11:22:41","modified_gmt":"2026-08-23T11:22:41","slug":"fermeture-annuelle","status":"publish","type":"post","link":"https:\/\/www.tracea.ch\/de\/blog\/fermeture-annuelle\/","title":{"rendered":"Fermeture annuelle"},"content":{"rendered":"<p>\ud83c\udf89\ud83c\udf84 Chers amis, chers clients, notre magasin Tracea est ferm\u00e9 jusqu&rsquo;au 2 janvier, mais toute l&rsquo;\u00e9quipe tient \u00e0 vous souhaiter de tr\u00e8s belles f\u00eates ! Profitez bien de ces moments en famille et entre amis. On se retrouve bient\u00f4t ! \ud83c\udf8a\u2728<\/p>","protected":false},"excerpt":{"rendered":"<p>\ud83c\udf89\ud83c\udf84 Chers amis, chers clients, notre magasin Tracea est ferm\u00e9 jusqu&rsquo;au 2 janvier, mais toute l&rsquo;\u00e9quipe tient \u00e0 vous souhaiter de tr\u00e8s belles f\u00eates ! Profitez bien de ces moments en famille et entre amis. On se retrouve bient\u00f4t ! \ud83c\udf8a\u2728<\/p>","protected":false},"author":1,"featured_media":59854,"comment_status":"closed","ping_status":"closed","sticky":false,"template":"","format":"standard","meta":{"footnotes":""},"categories":[801],"tags":[],"class_list":["post-59405","post","type-post","status-publish","format-standard","has-post-thumbnail","hentry","category-blog"],"_links":{"self":[{"href":"https:\/\/www.tracea.ch\/de\/wp-json\/wp\/v2\/posts\/59405","targetHints":{"allow":["GET"]}}],"collection":[{"href":"https:\/\/www.tracea.ch\/de\/wp-json\/wp\/v2\/posts"}],"about":[{"href":"https:\/\/www.tracea.ch\/de\/wp-json\/wp\/v2\/types\/post"}],"author":[{"embeddable":true,"href":"https:\/\/www.tracea.ch\/de\/wp-json\/wp\/v2\/users\/1"}],"replies":[{"embeddable":true,"href":"https:\/\/www.tracea.ch\/de\/wp-json\/wp\/v2\/comments?post=59405"}],"version-history":[{"count":1,"href":"https:\/\/www.tracea.ch\/de\/wp-json\/wp\/v2\/posts\/59405\/revisions"}],"predecessor-version":[{"id":60008,"href":"https:\/\/www.tracea.ch\/de\/wp-json\/wp\/v2\/posts\/59405\/revisions\/60008"}],"wp:featuredmedia":[{"embeddable":true,"href":"https:\/\/www.tracea.ch\/de\/wp-json\/wp\/v2\/media\/59854"}],"wp:attachment":[{"href":"https:\/\/www.tracea.ch\/de\/wp-json\/wp\/v2\/media?parent=59405"}],"wp:term":[{"taxonomy":"category","embeddable":true,"href":"https:\/\/www.tracea.ch\/de\/wp-json\/wp\/v2\/categories?post=59405"},{"taxonomy":"post_tag","embeddable":true,"href":"https:\/\/www.tracea.ch\/de\/wp-json\/wp\/v2\/tags?post=59405"}],"curies":[{"name":"wp","href":"https:\/\/api.w.org\/{rel}","templated":true}]}}