{"id":59410,"date":"2026-01-20T15:31:44","date_gmt":"2026-01-20T14:31:44","guid":{"rendered":"https:\/\/monvtt.ch\/?p=35099"},"modified":"2026-08-23T11:22:41","modified_gmt":"2026-08-23T11:22:41","slug":"journee-decouverte-et-perfectionnement-vtt-electrique","status":"publish","type":"post","link":"https:\/\/www.tracea.ch\/de\/blog\/journee-decouverte-et-perfectionnement-vtt-electrique\/","title":{"rendered":"E-Mountainbike-Tag des TCS Waadt"},"content":{"rendered":"<h3><img decoding=\"async\" class=\"emoji\" role=\"img\" draggable=\"false\" src=\"https:\/\/s.w.org\/images\/core\/emoji\/16.0.1\/svg\/1f6b4-200d-2642-fe0f.svg\" alt=\"\ud83d\udeb4\u200d\u2642\ufe0f\"> Samedi 20 juin \u2013 Journ\u00e9e d\u00e9couverte en VTT \u00e9lectrique \u00e0 Saint-Cergue<\/h3>\n<p>Organis\u00e9e par tracea.ch, en partenariat avec le TCS Vaud<\/p>\n<p>Le samedi 20 juin, vivez une exp\u00e9rience unique en pleine nature lors d\u2019une journ\u00e9e enti\u00e8rement d\u00e9di\u00e9e au VTT \u00e9lectrique, encadr\u00e9e par des professionnels et ouverte \u00e0 toutes et tous, d\u00e9butants comme confirm\u00e9s.<\/p>\n<p>Au c\u0153ur du Parc naturel r\u00e9gional Jura vaudois, cette journ\u00e9e vous offre l\u2019occasion id\u00e9ale de d\u00e9couvrir ou red\u00e9couvrir le plaisir du v\u00e9lo tout-terrain \u00e9lectrique, en alliant plaisir, apprentissage et \u00e9vasion dans un cadre naturel exceptionnel.<\/p>\n<p><img decoding=\"async\" class=\"emoji\" role=\"img\" draggable=\"false\" src=\"https:\/\/s.w.org\/images\/core\/emoji\/16.0.1\/svg\/1f539.svg\" alt=\"\ud83d\udd39\">\u00a0Une journ\u00e9e compl\u00e8te pour progresser, se faire plaisir et s\u2019\u00e9vader<\/p>\n<p><img decoding=\"async\" class=\"emoji\" role=\"img\" draggable=\"false\" src=\"https:\/\/s.w.org\/images\/core\/emoji\/16.0.1\/svg\/2705.svg\" alt=\"\u2705\">\u00a0Matin : techniques et conseils personnalis\u00e9s<br \/>\nNous commen\u00e7ons la journ\u00e9e avec une s\u00e9ance d\u2019apprentissage encadr\u00e9e par des moniteurs dipl\u00f4m\u00e9s, adapt\u00e9e \u00e0 chaque niveau.<br \/>\nLes exercices auront lieu sur diff\u00e9rents terrains \u00e0 Saint-Cergue, y compris sur le bike park, id\u00e9al pour travailler l\u2019\u00e9quilibre, le freinage, les virages et la position.<\/p>\n<p>Vous recevrez des conseils techniques personnalis\u00e9s, que vous soyez totalement d\u00e9butant ou que vous cherchiez \u00e0 affiner vos comp\u00e9tences.<\/p>\n<p><img decoding=\"async\" class=\"emoji\" role=\"img\" draggable=\"false\" src=\"https:\/\/s.w.org\/images\/core\/emoji\/16.0.1\/svg\/1f37d.svg\" alt=\"\ud83c\udf7d\ufe0f\">\u00a0Midi : repas convivial inclus<br \/>\n\u00c0 la mi-journ\u00e9e, nous partagerons un repas compris dans l\u2019inscription. Un moment de d\u00e9tente et de convivialit\u00e9 pour \u00e9changer et recharger les batteries avant l\u2019aventure de l\u2019apr\u00e8s-midi.<\/p>\n<p><img decoding=\"async\" class=\"emoji\" role=\"img\" draggable=\"false\" src=\"https:\/\/s.w.org\/images\/core\/emoji\/16.0.1\/svg\/2705.svg\" alt=\"\u2705\">\u00a0Apr\u00e8s-midi : sortie guid\u00e9e dans le Parc Jura vaudois<br \/>\nL\u2019apr\u00e8s-midi est consacr\u00e9e \u00e0 une sortie guid\u00e9e en VTT \u00e9lectrique, en groupes r\u00e9partis par niveau pour garantir un rythme agr\u00e9able pour chacun.<\/p>\n<p>Sous la conduite de moniteurs exp\u00e9riment\u00e9s, vous partirez \u00e0 la d\u00e9couverte des sentiers du Jura vaudois :<br \/>\n<img decoding=\"async\" class=\"emoji\" role=\"img\" draggable=\"false\" src=\"https:\/\/s.w.org\/images\/core\/emoji\/16.0.1\/svg\/1f332.svg\" alt=\"\ud83c\udf32\">\u00a0for\u00eats denses,<br \/>\n<img decoding=\"async\" class=\"emoji\" role=\"img\" draggable=\"false\" src=\"https:\/\/s.w.org\/images\/core\/emoji\/16.0.1\/svg\/1f33f.svg\" alt=\"\ud83c\udf3f\">\u00a0clairi\u00e8res paisibles,<br \/>\n<img decoding=\"async\" class=\"emoji\" role=\"img\" draggable=\"false\" src=\"https:\/\/s.w.org\/images\/core\/emoji\/16.0.1\/svg\/1f3de.svg\" alt=\"\ud83c\udfde\ufe0f\">\u00a0panoramas spectaculaires sur les Alpes,<br \/>\n<img decoding=\"async\" class=\"emoji\" role=\"img\" draggable=\"false\" src=\"https:\/\/s.w.org\/images\/core\/emoji\/16.0.1\/svg\/1f43e.svg\" alt=\"\ud83d\udc3e\">\u00a0et peut-\u00eatre quelques rencontres avec la faune locale.<\/p>\n<p>Un itin\u00e9raire soigneusement choisi pour offrir une immersion compl\u00e8te dans la nature, entre effort doux et plaisir du grand air, le tout en toute s\u00e9curit\u00e9.<\/p>\n<p><img decoding=\"async\" class=\"emoji\" role=\"img\" draggable=\"false\" src=\"https:\/\/s.w.org\/images\/core\/emoji\/16.0.1\/svg\/1f538.svg\" alt=\"\ud83d\udd38\">\u00a0Informations pratiques :<br \/>\n<img decoding=\"async\" class=\"emoji\" role=\"img\" draggable=\"false\" src=\"https:\/\/s.w.org\/images\/core\/emoji\/16.0.1\/svg\/1f4cd.svg\" alt=\"\ud83d\udccd\">\u00a0Lieu : Saint-Cergue<br \/>\n<img decoding=\"async\" class=\"emoji\" role=\"img\" draggable=\"false\" src=\"https:\/\/s.w.org\/images\/core\/emoji\/16.0.1\/svg\/1f4c5.svg\" alt=\"\ud83d\udcc5\"> Date : Samedi 20 juin<br \/>\n<img decoding=\"async\" class=\"emoji\" role=\"img\" draggable=\"false\" src=\"https:\/\/s.w.org\/images\/core\/emoji\/16.0.1\/svg\/1f558.svg\" alt=\"\ud83d\udd58\">\u00a0Horaire : 9h00 \u2013 16h00<br \/>\n<img decoding=\"async\" class=\"emoji\" role=\"img\" draggable=\"false\" src=\"https:\/\/s.w.org\/images\/core\/emoji\/16.0.1\/svg\/1f465.svg\" alt=\"\ud83d\udc65\">\u00a0Participants : Maximum 15 personnes<br \/>\n<img decoding=\"async\" class=\"emoji\" role=\"img\" draggable=\"false\" src=\"https:\/\/s.w.org\/images\/core\/emoji\/16.0.1\/svg\/1f4b0.svg\" alt=\"\ud83d\udcb0\">\u00a0Tarif : \u00e0 partir de 120 CHF, repas inclus<br \/>\n<img decoding=\"async\" class=\"emoji\" role=\"img\" draggable=\"false\" src=\"https:\/\/s.w.org\/images\/core\/emoji\/16.0.1\/svg\/1f6b2.svg\" alt=\"\ud83d\udeb2\">\u00a0Location possible de VTT \u00e9lectrique (sur demande \u00e0 l\u2019inscription)<br \/>\n<img decoding=\"async\" class=\"emoji\" role=\"img\" draggable=\"false\" src=\"https:\/\/s.w.org\/images\/core\/emoji\/16.0.1\/svg\/1f9e2.svg\" alt=\"\ud83e\udde2\">\u00a0\u00c9quipement personnel requis : casque obligatoire, tenue adapt\u00e9e, gants recommand\u00e9s<\/p>\n<p><img decoding=\"async\" class=\"emoji\" role=\"img\" draggable=\"false\" src=\"https:\/\/s.w.org\/images\/core\/emoji\/16.0.1\/svg\/1f31f.svg\" alt=\"\ud83c\udf1f\">\u00a0Pour qui ?<br \/>\nCette journ\u00e9e s\u2019adresse \u00e0 toute personne souhaitant d\u00e9couvrir le VTT \u00e9lectrique en toute s\u00e9curit\u00e9,<br \/>\nprogresser techniquement dans une ambiance d\u00e9tendue, passer un moment agr\u00e9able au c\u0153ur de la nature et vivre une aventure encadr\u00e9e par des professionnels.<\/p>\n<p><a href=\"https:\/\/monvtt.ch\/sorties-et-excursions-guidees\/samedi-11-octobre-perfectionnement-vtt-electrique.html\" target=\"_blank\" rel=\"noopener\">Rejoignez-nous pour une journ\u00e9e sportive, conviviale et d\u00e9paysante dans l\u2019un des plus beaux coins de nature du canton de Vaud !<\/a><br \/>\nParce qu\u2019avec le VTT \u00e9lectrique, le plaisir est \u00e0 la port\u00e9e de toutes et tous.<\/p>\n<p><a href=\"https:\/\/monvtt.ch\/sorties-et-excursions-guidees\/samedi-20-juin-perfectionnement-vtt-electrique.html\" target=\"_blank\" rel=\"noopener\">R\u00e9servation en ligne<\/a><\/p>","protected":false},"excerpt":{"rendered":"<p>Samedi 20 juin \u2013 Journ\u00e9e d\u00e9couverte en VTT \u00e9lectrique \u00e0 Saint-Cergue Organis\u00e9e par tracea.ch, en partenariat avec le TCS Vaud Le samedi 20 juin, vivez une exp\u00e9rience unique en pleine nature lors d\u2019une journ\u00e9e enti\u00e8rement d\u00e9di\u00e9e au VTT \u00e9lectrique, encadr\u00e9e par des professionnels et ouverte \u00e0 toutes et tous, d\u00e9butants comme confirm\u00e9s. Au c\u0153ur du [&hellip;]<\/p>\n","protected":false},"author":1,"featured_media":59920,"comment_status":"closed","ping_status":"closed","sticky":false,"template":"","format":"standard","meta":{"footnotes":""},"categories":[801],"tags":[808,802,891],"class_list":["post-59410","post","type-post","status-publish","format-standard","has-post-thumbnail","hentry","category-blog","tag-actualites","tag-sorties-excursions","tag-vtt-electrique"],"_links":{"self":[{"href":"https:\/\/www.tracea.ch\/de\/wp-json\/wp\/v2\/posts\/59410","targetHints":{"allow":["GET"]}}],"collection":[{"href":"https:\/\/www.tracea.ch\/de\/wp-json\/wp\/v2\/posts"}],"about":[{"href":"https:\/\/www.tracea.ch\/de\/wp-json\/wp\/v2\/types\/post"}],"author":[{"embeddable":true,"href":"https:\/\/www.tracea.ch\/de\/wp-json\/wp\/v2\/users\/1"}],"replies":[{"embeddable":true,"href":"https:\/\/www.tracea.ch\/de\/wp-json\/wp\/v2\/comments?post=59410"}],"version-history":[{"count":1,"href":"https:\/\/www.tracea.ch\/de\/wp-json\/wp\/v2\/posts\/59410\/revisions"}],"predecessor-version":[{"id":60000,"href":"https:\/\/www.tracea.ch\/de\/wp-json\/wp\/v2\/posts\/59410\/revisions\/60000"}],"wp:featuredmedia":[{"embeddable":true,"href":"https:\/\/www.tracea.ch\/de\/wp-json\/wp\/v2\/media\/59920"}],"wp:attachment":[{"href":"https:\/\/www.tracea.ch\/de\/wp-json\/wp\/v2\/media?parent=59410"}],"wp:term":[{"taxonomy":"category","embeddable":true,"href":"https:\/\/www.tracea.ch\/de\/wp-json\/wp\/v2\/categories?post=59410"},{"taxonomy":"post_tag","embeddable":true,"href":"https:\/\/www.tracea.ch\/de\/wp-json\/wp\/v2\/tags?post=59410"}],"curies":[{"name":"wp","href":"https:\/\/api.w.org\/{rel}","templated":true}]}}