{"id":59425,"date":"2026-05-27T06:48:04","date_gmt":"2026-05-27T04:48:04","guid":{"rendered":"https:\/\/monvtt.ch\/?p=35662"},"modified":"2026-08-28T20:44:57","modified_gmt":"2026-08-28T20:44:57","slug":"la-legende-sunn-entre-chez-monvtt","status":"publish","type":"post","link":"https:\/\/www.tracea.ch\/de\/blog\/la-legende-sunn-entre-chez-monvtt\/","title":{"rendered":"Die Legende Sunn wechselt zu Tracea."},"content":{"rendered":"<p><a href=\"https:\/\/www.tracea.ch\/wp-content\/uploads\/2026\/05\/SUNN-logo2021-noir.png\"><img decoding=\"async\" class=\"alignright wp-image-35671 size-medium\" src=\"https:\/\/www.tracea.ch\/wp-content\/uploads\/2026\/05\/SUNN-logo2021-noir-300x77.png\" alt=\"\" width=\"300\" height=\"77\"><\/a><\/p>\n<div class=\"wrapper\">\n<div class=\"hero\">\n<div class=\"kicker\"><\/div>\n<h1>La l\u00e9gende fran\u00e7aise<br \/>\nentre chez Tracea.<\/h1>\n<p>Toute la gamme SUNN est d\u00e9sormais disponible \u2014 du VTTAE engag\u00e9 au gravel aventure. Pour tous les passionn\u00e9s, le v\u00e9lo sunn vous attend chez Tracea.<\/p>\n<\/div>\n<div class=\"content\">\n<div class=\"intro\">Certaines marques suivent une tendance. SUNN construit son h\u00e9ritage depuis plus de quarante ans.<\/div>\n<p>N\u00e9e de la comp\u00e9tition et de la culture ride fran\u00e7aise, <strong>SUNN<\/strong> a fa\u00e7onn\u00e9 des g\u00e9n\u00e9rations de riders gr\u00e2ce \u00e0 des v\u00e9los de caract\u00e8re, con\u00e7us pour l&rsquo;engagement et le plaisir du pilotage.<\/p>\n<blockquote>\n<div class=\"quote\" style=\"text-align: center;\"><strong>\u00ab Performance. Caract\u00e8re. H\u00e9ritage. \u00bb<\/strong><\/div>\n<\/blockquote>\n<p>Aujourd\u2019hui, cet univers rejoint <strong>Tracea<\/strong>. Nous sommes fiers de proposer l\u2019ensemble de la gamme SUNN pour permettre \u00e0 chacun de trouver une machine fid\u00e8le \u00e0 sa pratique, comme le v\u00e9lo sunn parmi d&rsquo;autres mod\u00e8les exceptionnels.<\/p>\n<div class=\"section-title\">Les univers SUNN chez Tracea<\/div>\n<div class=\"card\">\n<div class=\"card-body\">\n<p>VTTAE<\/p>\n<p><a href=\"https:\/\/www.tracea.ch\/wp-content\/uploads\/2026\/05\/VTT-Sunn-One.jpg\"><img fetchpriority=\"high\" decoding=\"async\" class=\"aligncenter wp-image-35668 size-large\" src=\"https:\/\/www.tracea.ch\/wp-content\/uploads\/2026\/05\/VTT-Sunn-One.jpg\" alt=\"\" width=\"1024\" height=\"684\"><\/a><\/p>\n<h3>ONE &amp; CHARGER<\/h3>\n<p>Des v\u00e9los \u00e9lectriques d\u00e9velopp\u00e9s pour repousser les limites, gagner en libert\u00e9 et transformer chaque sortie en terrain d\u2019expression, comme le v\u00e9lo sunn qui vous permet de d\u00e9couvrir de nouvelles sensations.<\/p>\n<\/div>\n<\/div>\n<div class=\"card\">\n<p><a href=\"https:\/\/www.tracea.ch\/wp-content\/uploads\/2026\/05\/VTT-Ebike-Sunn-Charger.jpg\"><img decoding=\"async\" class=\"aligncenter wp-image-35674 size-large\" src=\"https:\/\/www.tracea.ch\/wp-content\/uploads\/2026\/05\/VTT-Ebike-Sunn-Charger-1024x683.jpg\" alt=\"\" width=\"1024\" height=\"683\"><\/a><\/p>\n<div class=\"card-body\">\n<p>TRAIL \/ ENDURO<\/p>\n<h3>KERN &amp; RADICAL<\/h3>\n<p>G\u00e9om\u00e9tries modernes, stabilit\u00e9 et pr\u00e9cision pour ceux qui recherchent un pilotage exigeant et engag\u00e9, une exp\u00e9rience qu\u2019on retrouve sur chaque v\u00e9lo sunn.<\/p>\n<\/div>\n<\/div>\n<div class=\"card\">\n<p><a href=\"https:\/\/www.tracea.ch\/wp-content\/uploads\/2026\/05\/IMG_0570_TIF.jpeg\"><img loading=\"lazy\" decoding=\"async\" class=\"aligncenter wp-image-35666 size-large\" src=\"https:\/\/www.tracea.ch\/wp-content\/uploads\/2026\/05\/IMG_0570_TIF.jpeg\" alt=\"VTT Sunn Radical\" width=\"1024\" height=\"684\"><\/a><\/p>\n<div class=\"card-body\">\n<h3>SHAMANN<\/h3>\n<p>Performance, rendement et efficacit\u00e9 pour les riders qui veulent rouler vite et loin sur leur v\u00e9lo sunn.<\/p>\n<\/div>\n<p><a href=\"https:\/\/www.tracea.ch\/wp-content\/uploads\/2026\/05\/VTT-Sunn_shamann-2.jpg\"><img loading=\"lazy\" decoding=\"async\" class=\"aligncenter wp-image-35667 size-large\" src=\"https:\/\/www.tracea.ch\/wp-content\/uploads\/2026\/05\/VTT-Sunn_shamann-2-1024x683.jpg\" alt=\"\" width=\"1024\" height=\"683\"><\/a><\/p>\n<\/div>\n<div class=\"cta\">\n<h3>VENTURE<\/h3>\n<p>Que vous soyez explorateurs aguerris, baroudeurs t\u00e9m\u00e9raires, amateurs de bikepacking, v\u00e9lotafeurs acharn\u00e9s ou bien que vous d\u00e9couvriez le Gravel depuis peu, le nouveau VENTURE est pens\u00e9 et con\u00e7u pour vous permettre de partir explorer de nouveaux horizons, notamment en v\u00e9lo sunn.<\/p>\n<p><a href=\"https:\/\/www.tracea.ch\/wp-content\/uploads\/2026\/05\/Gravel-Sunn-Venture-1.jpg\"><img loading=\"lazy\" decoding=\"async\" class=\"aligncenter wp-image-35669 size-large\" src=\"https:\/\/www.tracea.ch\/wp-content\/uploads\/2026\/05\/Gravel-Sunn-Venture-1-1024x683.jpg\" alt=\"\" width=\"1024\" height=\"683\"><\/a><\/p>\n<h3>ASPHALT<\/h3>\n<p>Notre v\u00e9lo d\u2019endurance con\u00e7u pour encha\u00eener les kilom\u00e8tres tout au long de la journ\u00e9e. Apr\u00e8s plusieurs heures, profitez du confort que procure l\u2019Asphalt et faites la diff\u00e9rence, et d\u00e9couvrez leur exp\u00e9rience unique sur un v\u00e9lo sunn.<\/p>\n<p><a href=\"https:\/\/www.tracea.ch\/wp-content\/uploads\/2026\/05\/Velo-Route-Sunn.jpg\"><img loading=\"lazy\" decoding=\"async\" class=\"aligncenter wp-image-35670 size-large\" src=\"https:\/\/www.tracea.ch\/wp-content\/uploads\/2026\/05\/Velo-Route-Sunn.jpg\" alt=\"\" width=\"1024\" height=\"683\"><\/a><\/p>\n<h2>Toute la gamme SUNN vous attend chez Tracea<\/h2>\n<p>D\u00e9couvrez l\u2019univers <a href=\"https:\/\/www.sunn.fr\/fr\/#\" target=\"_blank\" rel=\"noopener\">SUNN<\/a> et trouvez le v\u00e9lo sunn id\u00e9al pour votre pratique.<\/p>\n<\/div>\n<\/div>\n<div class=\"footer\">Tracea \u00d7 SUNN \u2022 Ride with Character<\/div>\n<\/div>\n<p>\u00a0<\/p>","protected":false},"excerpt":{"rendered":"<p>La l\u00e9gende fran\u00e7aise entre chez Tracea. Toute la gamme SUNN est d\u00e9sormais disponible \u2014 du VTTAE engag\u00e9 au gravel aventure. Pour tous les passionn\u00e9s, le v\u00e9lo sunn vous attend chez Tracea. Certaines marques suivent une tendance. SUNN construit son h\u00e9ritage depuis plus de quarante ans. N\u00e9e de la comp\u00e9tition et de la culture ride fran\u00e7aise, [&hellip;]<\/p>\n","protected":false},"author":1,"featured_media":59947,"comment_status":"closed","ping_status":"closed","sticky":false,"template":"","format":"standard","meta":{"footnotes":""},"categories":[801],"tags":[808,805],"class_list":["post-59425","post","type-post","status-publish","format-standard","has-post-thumbnail","hentry","category-blog","tag-actualites","tag-boutique-materiel"],"_links":{"self":[{"href":"https:\/\/www.tracea.ch\/de\/wp-json\/wp\/v2\/posts\/59425","targetHints":{"allow":["GET"]}}],"collection":[{"href":"https:\/\/www.tracea.ch\/de\/wp-json\/wp\/v2\/posts"}],"about":[{"href":"https:\/\/www.tracea.ch\/de\/wp-json\/wp\/v2\/types\/post"}],"author":[{"embeddable":true,"href":"https:\/\/www.tracea.ch\/de\/wp-json\/wp\/v2\/users\/1"}],"replies":[{"embeddable":true,"href":"https:\/\/www.tracea.ch\/de\/wp-json\/wp\/v2\/comments?post=59425"}],"version-history":[{"count":2,"href":"https:\/\/www.tracea.ch\/de\/wp-json\/wp\/v2\/posts\/59425\/revisions"}],"predecessor-version":[{"id":60185,"href":"https:\/\/www.tracea.ch\/de\/wp-json\/wp\/v2\/posts\/59425\/revisions\/60185"}],"wp:featuredmedia":[{"embeddable":true,"href":"https:\/\/www.tracea.ch\/de\/wp-json\/wp\/v2\/media\/59947"}],"wp:attachment":[{"href":"https:\/\/www.tracea.ch\/de\/wp-json\/wp\/v2\/media?parent=59425"}],"wp:term":[{"taxonomy":"category","embeddable":true,"href":"https:\/\/www.tracea.ch\/de\/wp-json\/wp\/v2\/categories?post=59425"},{"taxonomy":"post_tag","embeddable":true,"href":"https:\/\/www.tracea.ch\/de\/wp-json\/wp\/v2\/tags?post=59425"}],"curies":[{"name":"wp","href":"https:\/\/api.w.org\/{rel}","templated":true}]}}