{"id":59426,"date":"2026-06-28T10:40:16","date_gmt":"2026-06-28T08:40:16","guid":{"rendered":"https:\/\/monvtt.ch\/?p=35763"},"modified":"2026-08-23T11:22:41","modified_gmt":"2026-08-23T11:22:41","slug":"mein-mountainbike-entwickelt-sich-weiter-ein-neues-abenteuer-beginnt","status":"publish","type":"post","link":"https:\/\/www.tracea.ch\/de\/blog\/monvtt-ch-evolue-une-nouvelle-aventure-commence\/","title":{"rendered":"tracea.ch entwickelt sich weiter\u2026 Ein neues Abenteuer beginnt!"},"content":{"rendered":"<h1>tracea.ch entwickelt sich weiter\u2026 Ein neues Abenteuer beginnt!<\/h1>\n<p class=\"isSelectedEnd\">Nachdem wir mehrere Jahre lang unsere Leidenschaft f\u00fcr das Radfahren mit Ihnen in Saint-Cergue geteilt haben, steht nun ein neues Kapitel bevor.<\/p>\n<p class=\"isSelectedEnd\"><strong>tracea.ch wird in K\u00fcrze in neue R\u00e4umlichkeiten umziehen, weiterhin in Saint-Cergue<\/strong>, um Sie in R\u00e4umlichkeiten zu empfangen, die gr\u00f6\u00dfer, moderner und noch besser auf Ihre W\u00fcnsche zugeschnitten sind.<\/p>\n<p class=\"isSelectedEnd\">Doch diese Ver\u00e4nderung geht weit \u00fcber einen einfachen Umzug hinaus.<\/p>\n<p class=\"isSelectedEnd\">Bei dieser Gelegenheit, <strong>tracea.ch wird zu TRACEA<\/strong>, ein neues Erscheinungsbild, das unsere Vision widerspiegelt: Wir begleiten Sie das ganze Jahr \u00fcber bei Ihren Abenteuern in der freien Natur.<\/p>\n<p class=\"isSelectedEnd\">Auch wenn das Radfahren weiterhin im Mittelpunkt unserer DNA stehen wird \u2013 Mountainbike, E-Mountainbike, Gravelbike, Rennrad, Werkstatt, Verleih, Testfahrten und gef\u00fchrte Touren \u2013, wird TRACEA seine T\u00fcren auch f\u00fcr andere Berg- und Outdoor-Aktivit\u00e4ten \u00f6ffnen.<\/p>\n<p class=\"isSelectedEnd\">Unser Ziel ist es, <strong>die erste Adresse f\u00fcr Outdoor-Sportarten zu jeder Jahreszeit im Waadtl\u00e4nder Jura<\/strong>, indem wir nach und nach Ausr\u00fcstung, Beratung, Veranstaltungen und Erlebnisse rund um Sportarten wie Wandern, Trailrunning, Skilanglauf, Schneeschuhwandern und viele andere Outdoor-Aktivit\u00e4ten anbieten.<\/p>\n<p class=\"isSelectedEnd\">Dieses neue Gesch\u00e4ft wurde als echter Treffpunkt f\u00fcr Liebhaber, Einsteiger und Familien konzipiert, an dem jeder individuelle Beratung, sorgf\u00e4ltig ausgew\u00e4hlte Produkte und ein engagiertes Team findet, das immer ein offenes Ohr hat.<\/p>\n<p class=\"isSelectedEnd\">Wir freuen uns darauf, Ihnen diese neue Welt n\u00e4herzubringen.<\/p>\n<p class=\"isSelectedEnd\">\ud83d\udccd <strong>Immer noch in Saint-Cergue.<\/strong><br \/>\n\ud83d\udea7 Die Arbeiten schreiten voran, und schon bald werden wir euch das Er\u00f6ffnungsdatum, die ersten Fotos sowie zahlreiche \u00dcberraschungen vorstellen.<\/p>\n<p class=\"isSelectedEnd\">Vielen Dank f\u00fcr Ihr Vertrauen und Ihre Treue. Dank Ihnen geht dieses sch\u00f6ne Abenteuer weiter \u2026 und das ist erst der Anfang.<\/p>\n<p><strong>Bis bald bei TRACEA.<\/strong><br \/>\n<em>Ihr Spielplatz f\u00fcr alle vier Jahreszeiten.<\/em><\/p>\n<p>\u00a0<\/p>\n<div class=\"wpmf-gallerys wpmf-gallerys-life\" ><div id=\"gallery-1\" class=\"gallery gallery_life wpmf_gallery_default gallery_default  gallery-columns-3 gallery-size-full gallery-link-none wpmf-has-border-radius-0 wpmf-gutterwidth-5 no_ratio\"><figure class=\"wpmf-gallery-item\" data-index=\"0\"><div class=\"wpmf-gallery-icon\"><div class=\"square_thumbnail\"><div class=\"img_centered\"><img decoding=\"async\" src=\"https:\/\/www.tracea.ch\/wp-content\/uploads\/2026\/Vaude\/45088_136_s_6.jpg\" data-type=\"wpmfgalleryimg\" data-attachment-id=\"35781\" data-wpmf-size=\"full\" alt=\"45088 136 S 6\"><\/div><\/div><\/div><\/figure><figure class=\"wpmf-gallery-item\" data-index=\"1\"><div class=\"wpmf-gallery-icon\"><div class=\"square_thumbnail\"><div class=\"img_centered\"><img decoding=\"async\" src=\"https:\/\/www.tracea.ch\/wp-content\/uploads\/2026\/Vaude\/45089_010_6.jpg\" data-type=\"wpmfgalleryimg\" data-attachment-id=\"35788\" data-wpmf-size=\"full\" alt=\"45089 010 6\"><\/div><\/div><\/div><\/figure><\/div><\/div>","protected":false},"excerpt":{"rendered":"<p>tracea.ch \u00e9volue&#8230; Une nouvelle aventure commence ! Apr\u00e8s plusieurs ann\u00e9es \u00e0 partager notre passion du v\u00e9lo avec vous \u00e0 Saint-Cergue, une nouvelle page est sur le point de s&rsquo;\u00e9crire. tracea.ch d\u00e9m\u00e9nagera prochainement dans de nouveaux locaux, toujours \u00e0 Saint-Cergue, afin de vous accueillir dans un espace plus grand, plus moderne et encore mieux adapt\u00e9 \u00e0 [&hellip;]<\/p>\n","protected":false},"author":1,"featured_media":59953,"comment_status":"closed","ping_status":"closed","sticky":false,"template":"","format":"standard","meta":{"footnotes":""},"categories":[801],"tags":[808,805,803,802],"class_list":["post-59426","post","type-post","status-publish","format-standard","has-post-thumbnail","hentry","category-blog","tag-actualites","tag-boutique-materiel","tag-location","tag-sorties-excursions"],"_links":{"self":[{"href":"https:\/\/www.tracea.ch\/de\/wp-json\/wp\/v2\/posts\/59426","targetHints":{"allow":["GET"]}}],"collection":[{"href":"https:\/\/www.tracea.ch\/de\/wp-json\/wp\/v2\/posts"}],"about":[{"href":"https:\/\/www.tracea.ch\/de\/wp-json\/wp\/v2\/types\/post"}],"author":[{"embeddable":true,"href":"https:\/\/www.tracea.ch\/de\/wp-json\/wp\/v2\/users\/1"}],"replies":[{"embeddable":true,"href":"https:\/\/www.tracea.ch\/de\/wp-json\/wp\/v2\/comments?post=59426"}],"version-history":[{"count":1,"href":"https:\/\/www.tracea.ch\/de\/wp-json\/wp\/v2\/posts\/59426\/revisions"}],"predecessor-version":[{"id":59996,"href":"https:\/\/www.tracea.ch\/de\/wp-json\/wp\/v2\/posts\/59426\/revisions\/59996"}],"wp:featuredmedia":[{"embeddable":true,"href":"https:\/\/www.tracea.ch\/de\/wp-json\/wp\/v2\/media\/59953"}],"wp:attachment":[{"href":"https:\/\/www.tracea.ch\/de\/wp-json\/wp\/v2\/media?parent=59426"}],"wp:term":[{"taxonomy":"category","embeddable":true,"href":"https:\/\/www.tracea.ch\/de\/wp-json\/wp\/v2\/categories?post=59426"},{"taxonomy":"post_tag","embeddable":true,"href":"https:\/\/www.tracea.ch\/de\/wp-json\/wp\/v2\/tags?post=59426"}],"curies":[{"name":"wp","href":"https:\/\/api.w.org\/{rel}","templated":true}]}}