{"id":59296,"date":"2018-12-10T10:22:12","date_gmt":"2018-12-10T09:22:12","guid":{"rendered":"https:\/\/hiver.monvtt.ch\/2018\/12\/10\/vtt-le-trip-parfait-en-suisse\/"},"modified":"2018-12-10T10:22:12","modified_gmt":"2018-12-10T09:22:12","slug":"vtt-le-trip-parfait-en-suisse","status":"publish","type":"post","link":"https:\/\/www.tracea.ch\/en\/blog\/vtt-le-trip-parfait-en-suisse\/","title":{"rendered":"VTT : le trip parfait en Suisse"},"content":{"rendered":"<p>Si les Romains n&rsquo;avaient pas de VTT quand ils ont construit la ville de Vi\u00e8ge, ils n\u2019auraient cependant pas pu trouver mieux que ce coin du Canton du Valais pour rider. <a href=\"https:\/\/www.redbull.com\/fr-fr\/vtt-valais-suisse\" target=\"_blank\" rel=\"noopener noreferrer\">Un trip VTT en Suisse vu par Red Bull<\/a> !<\/p>\n<p><!--more--><\/p>\n<div class=\"inline-content__item inline-content__item--paragraph\">\n<div class=\"inline-content-panel__content-item\">\n<div class=\"inline-paragraph\"><span class=\"inline-paragraph__text\">Nich\u00e9e dans la vall\u00e9e du Rh\u00f4ne \u00e0 4 000 m d&rsquo;altitude,\u00a0<\/span><a class=\"inline-paragraph__link\" title=\"Vi\u00e8ge\" href=\"http:\/\/www.vispinfo.ch\/home.php\" target=\"_blank\" rel=\"noopener noreferrer\">Vi\u00e8ge<\/a><span class=\"inline-paragraph__text\">\u00a0est une commune ancestrale, v\u00e9ritable porte d&rsquo;acc\u00e8s \u00e0 une grande vari\u00e9t\u00e9 de sentiers qui sillonnent les hautes montagnes environnantes en redescendant dans les vall\u00e9es via les rivi\u00e8res de Vi\u00e8ge, de Vi\u00e8ge de Saas et de Vi\u00e8ge de Zermatt.<\/span><\/div>\n<\/div>\n<\/div>\n<div class=\"inline-content__item\">\n<div class=\"inline-content-panel__content-item inline-content-panel__content-item--landscape-image\">\n<figure class=\"inline-image\">\n<div class=\"inline-image__image\">\n<div class=\"image-view image-view--fixed-ratio\">\n<div class=\"image-view__container\"><\/div>\n<\/div>\n<\/div><figcaption class=\"inline-image__description\">\n<div class=\"image-caption\">\n<div class=\"image-caption__title\">En mode wheelie dans un cadre de r\u00eave<\/div>\n<div class=\"image-caption__copyright\">\u00a9 DAN MILNER<\/div>\n<\/div>\n<\/figcaption><\/figure>\n<\/div>\n<\/div>\n<div class=\"inline-content__item inline-content__item--paragraph\">\n<div class=\"inline-content-panel__content-item\">\n<div class=\"inline-paragraph\"><span class=\"inline-paragraph__text\">L&rsquo;acc\u00e8s aux sentiers est facilit\u00e9 par un vaste r\u00e9seau de bus et de trains particuli\u00e8rement fiable. Se rendre au d\u00e9part d\u2019un trip ou prendre une remont\u00e9e m\u00e9canique ne pr\u00e9sente aucune difficult\u00e9. De nombreux funiculaires et t\u00e9l\u00e9cabines (dont certains proposant des cabines tr\u00e8s petites et plut\u00f4t fun) sont propos\u00e9s dans la r\u00e9gion, de quoi vous offrir une exp\u00e9rience unique en mati\u00e8re de\u00a0<\/span><a class=\"inline-paragraph__link\" title=\"Mountain biking\" href=\"https:\/\/www.redbull.com\/fr-fr\/tags\/mtb\" target=\"_blank\" rel=\"noopener\">Mountain biking<\/a><span class=\"inline-paragraph__text\">.<\/span><\/div>\n<\/div>\n<\/div>\n<div class=\"inline-content__item\">\n<div class=\"inline-content-panel__content-item inline-content-panel__content-item--landscape-image\">\n<figure class=\"inline-image\">\n<div class=\"inline-image__image\">\n<div class=\"image-view image-view--fixed-ratio\">\n<div class=\"image-view__container\"><img decoding=\"async\" class=\"image-view__content\" title=\"Le t\u00e9l\u00e9cabine de Embd est une exp\u00e9rience \u00e0 part enti\u00e8re\" src=\"https:\/\/image.redbull.com\/rbcom\/052\/2018-07-10\/862d80e3-6cd9-43e4-89c4-a5b759e2ef0e\/0012\/0\/0\/0\/2756\/4134\/1050\/1\/telecabine-vtt-valais-viege-suisse.jpg\" alt=\"Voyage de VTT \u00e0 Vi\u00e8ge dans le Valais : Le t\u00e9l\u00e9cabine de Embd est une exp\u00e9rience \u00e0 part enti\u00e8re.\" data-id=\"rrn:content:images:44774bef-ea9e-47f5-869f-b16bf55d50d8:fr-INT\" \/><\/div>\n<\/div>\n<\/div><figcaption class=\"inline-image__description\">\n<div class=\"image-caption\">\n<div class=\"image-caption__title\">Le t\u00e9l\u00e9cabine de Embd est une exp\u00e9rience \u00e0 part enti\u00e8re<\/div>\n<div class=\"image-caption__copyright\">\u00a9 DAN MILNER<\/div>\n<\/div>\n<\/figcaption><\/figure>\n<\/div>\n<\/div>\n<div class=\"inline-content__item inline-content__item--paragraph\">\n<div class=\"inline-content-panel__content-item\">\n<div class=\"inline-paragraph\"><span class=\"inline-paragraph__text\">Si vous cherchez \u00e0 vous r\u00e9approvisionner en boissons, les rues commer\u00e7antes de Vi\u00e8ge et les vieilles ruelles pav\u00e9es sont parfaites pour votre qu\u00eate. Alors que le vignoble voisin d&rsquo;Heida est le plus haut d&rsquo;Europe, Vi\u00e8ge se trouve \u00e0 seulement 658 m et b\u00e9n\u00e9ficie de 300 jours de soleil par an. Profiter des temp\u00e9ratures cl\u00e9mentes en soir\u00e9e pour boire une petite bi\u00e8re locale ou d\u00e9guster une raclette traditionnelle valaisanne est un must qu\u2019il faut savoir appr\u00e9cier.<\/span><\/div>\n<\/div>\n<\/div>","protected":false},"excerpt":{"rendered":"<p>Si les Romains n&rsquo;avaient pas de VTT quand ils ont construit la ville de Vi\u00e8ge, ils n\u2019auraient cependant pas pu trouver mieux que ce coin du Canton du Valais pour rider. Un trip VTT en Suisse vu par Red Bull !<\/p>","protected":false},"author":1,"featured_media":0,"comment_status":"open","ping_status":"open","sticky":false,"template":"","format":"standard","meta":{"footnotes":""},"categories":[801],"tags":[808],"class_list":["post-59296","post","type-post","status-publish","format-standard","hentry","category-blog","tag-actualites"],"_links":{"self":[{"href":"https:\/\/www.tracea.ch\/en\/wp-json\/wp\/v2\/posts\/59296","targetHints":{"allow":["GET"]}}],"collection":[{"href":"https:\/\/www.tracea.ch\/en\/wp-json\/wp\/v2\/posts"}],"about":[{"href":"https:\/\/www.tracea.ch\/en\/wp-json\/wp\/v2\/types\/post"}],"author":[{"embeddable":true,"href":"https:\/\/www.tracea.ch\/en\/wp-json\/wp\/v2\/users\/1"}],"replies":[{"embeddable":true,"href":"https:\/\/www.tracea.ch\/en\/wp-json\/wp\/v2\/comments?post=59296"}],"version-history":[{"count":0,"href":"https:\/\/www.tracea.ch\/en\/wp-json\/wp\/v2\/posts\/59296\/revisions"}],"wp:attachment":[{"href":"https:\/\/www.tracea.ch\/en\/wp-json\/wp\/v2\/media?parent=59296"}],"wp:term":[{"taxonomy":"category","embeddable":true,"href":"https:\/\/www.tracea.ch\/en\/wp-json\/wp\/v2\/categories?post=59296"},{"taxonomy":"post_tag","embeddable":true,"href":"https:\/\/www.tracea.ch\/en\/wp-json\/wp\/v2\/tags?post=59296"}],"curies":[{"name":"wp","href":"https:\/\/api.w.org\/{rel}","templated":true}]}}