{"id":59302,"date":"2018-12-10T10:22:12","date_gmt":"2018-12-10T09:22:12","guid":{"rendered":"https:\/\/hiver.monvtt.ch\/2018\/12\/10\/avis-monvtt-ch-2\/"},"modified":"2026-08-28T19:58:12","modified_gmt":"2026-08-28T19:58:12","slug":"avis-monvtt-ch-2","status":"publish","type":"post","link":"https:\/\/www.tracea.ch\/en\/uncategorized\/avis-monvtt-ch-2\/","title":{"rendered":"Tr\u00e8s bon souvenir"},"content":{"rendered":"<p><span style=\"background-color: inherit; color: inherit; font-family: inherit; font-size: 1rem;\">Premi\u00e8re exp\u00e9rience en VTT \u00e9lectrique. Un guide au top du top, sympathique, professionnel et \u00e0 l&rsquo;\u00e9coute. Nous nous sommes r\u00e9gal\u00e9s et nous n&rsquo;avons qu&rsquo;une envie, c&rsquo;est d&rsquo;y retourner, et bien \u00e9videmment chez Traceach.<\/span><\/p>\n<p>Dominique &#8211; 52 ans<\/p>","protected":false},"excerpt":{"rendered":"<p>Premi\u00e8re exp\u00e9rience en VTT \u00e9lectrique. Un guide au top du top, sympathique, professionnel et \u00e0 l&rsquo;\u00e9coute. Nous nous sommes r\u00e9gal\u00e9s et nous n&rsquo;avons qu&rsquo;une envie, c&rsquo;est d&rsquo;y retourner, et bien \u00e9videmment chez Traceach. Dominique &#8211; 52 ans<\/p>","protected":false},"author":1,"featured_media":0,"comment_status":"open","ping_status":"open","sticky":false,"template":"","format":"standard","meta":{"footnotes":""},"categories":[1],"tags":[1026],"class_list":["post-59302","post","type-post","status-publish","format-standard","hentry","category-uncategorized","tag-avis-clients"],"_links":{"self":[{"href":"https:\/\/www.tracea.ch\/en\/wp-json\/wp\/v2\/posts\/59302","targetHints":{"allow":["GET"]}}],"collection":[{"href":"https:\/\/www.tracea.ch\/en\/wp-json\/wp\/v2\/posts"}],"about":[{"href":"https:\/\/www.tracea.ch\/en\/wp-json\/wp\/v2\/types\/post"}],"author":[{"embeddable":true,"href":"https:\/\/www.tracea.ch\/en\/wp-json\/wp\/v2\/users\/1"}],"replies":[{"embeddable":true,"href":"https:\/\/www.tracea.ch\/en\/wp-json\/wp\/v2\/comments?post=59302"}],"version-history":[{"count":1,"href":"https:\/\/www.tracea.ch\/en\/wp-json\/wp\/v2\/posts\/59302\/revisions"}],"predecessor-version":[{"id":60061,"href":"https:\/\/www.tracea.ch\/en\/wp-json\/wp\/v2\/posts\/59302\/revisions\/60061"}],"wp:attachment":[{"href":"https:\/\/www.tracea.ch\/en\/wp-json\/wp\/v2\/media?parent=59302"}],"wp:term":[{"taxonomy":"category","embeddable":true,"href":"https:\/\/www.tracea.ch\/en\/wp-json\/wp\/v2\/categories?post=59302"},{"taxonomy":"post_tag","embeddable":true,"href":"https:\/\/www.tracea.ch\/en\/wp-json\/wp\/v2\/tags?post=59302"}],"curies":[{"name":"wp","href":"https:\/\/api.w.org\/{rel}","templated":true}]}}