{"id":59304,"date":"2018-12-10T10:22:12","date_gmt":"2018-12-10T09:22:12","guid":{"rendered":"https:\/\/hiver.monvtt.ch\/2018\/12\/10\/avis-monvtt-ch-5\/"},"modified":"2026-08-28T19:58:16","modified_gmt":"2026-08-28T19:58:16","slug":"avis-monvtt-ch-5","status":"publish","type":"post","link":"https:\/\/www.tracea.ch\/en\/uncategorized\/avis-monvtt-ch-5\/","title":{"rendered":"Anne &#8211; Stage VTT \u00e9lectrique"},"content":{"rendered":"<p><span style=\"background-color: inherit; color: inherit; font-family: inherit; font-size: 1rem;\">Pour m\u2019initier au VTT \u00e9lectrique, j\u2019ai eu la chance de retrouver Damien \u00e0 Saint-Cergue pour un coaching priv\u00e9 absolument super ! Apr\u00e8s quelques explications sur le VTT et discussion des objectifs, nous sommes partis sur de beaux chemins, avec divers d\u00e9nivel\u00e9s et difficult\u00e9s progressives. Damien m\u2019a donn\u00e9 des explications tr\u00e8s claires et encourageantes, avec de la patience et des observations pertinentes, me permettant d\u2019exp\u00e9rimenter et de prendre confiance. A mi-parcours, il m\u2019a montr\u00e9 sur la carte les chemins que nous avons pris et les options pour le retour, avec des vues panoramiques et encore des conseils qui me seront tr\u00e8s utiles. Merci cette d\u00e9couverte VTT tr\u00e8s sympa !<\/span><\/p>\n<p>Anne<\/p>","protected":false},"excerpt":{"rendered":"<p>Pour m\u2019initier au VTT \u00e9lectrique, j\u2019ai eu la chance de retrouver Damien \u00e0 Saint-Cergue pour un coaching priv\u00e9 absolument super ! Apr\u00e8s quelques explications sur le VTT et discussion des objectifs, nous sommes partis sur de beaux chemins, avec divers d\u00e9nivel\u00e9s et difficult\u00e9s progressives. Damien m\u2019a donn\u00e9 des explications tr\u00e8s claires et encourageantes, avec de [&hellip;]<\/p>\n","protected":false},"author":1,"featured_media":0,"comment_status":"open","ping_status":"open","sticky":false,"template":"","format":"standard","meta":{"footnotes":""},"categories":[1],"tags":[1026],"class_list":["post-59304","post","type-post","status-publish","format-standard","hentry","category-uncategorized","tag-avis-clients"],"_links":{"self":[{"href":"https:\/\/www.tracea.ch\/en\/wp-json\/wp\/v2\/posts\/59304","targetHints":{"allow":["GET"]}}],"collection":[{"href":"https:\/\/www.tracea.ch\/en\/wp-json\/wp\/v2\/posts"}],"about":[{"href":"https:\/\/www.tracea.ch\/en\/wp-json\/wp\/v2\/types\/post"}],"author":[{"embeddable":true,"href":"https:\/\/www.tracea.ch\/en\/wp-json\/wp\/v2\/users\/1"}],"replies":[{"embeddable":true,"href":"https:\/\/www.tracea.ch\/en\/wp-json\/wp\/v2\/comments?post=59304"}],"version-history":[{"count":1,"href":"https:\/\/www.tracea.ch\/en\/wp-json\/wp\/v2\/posts\/59304\/revisions"}],"predecessor-version":[{"id":60181,"href":"https:\/\/www.tracea.ch\/en\/wp-json\/wp\/v2\/posts\/59304\/revisions\/60181"}],"wp:attachment":[{"href":"https:\/\/www.tracea.ch\/en\/wp-json\/wp\/v2\/media?parent=59304"}],"wp:term":[{"taxonomy":"category","embeddable":true,"href":"https:\/\/www.tracea.ch\/en\/wp-json\/wp\/v2\/categories?post=59304"},{"taxonomy":"post_tag","embeddable":true,"href":"https:\/\/www.tracea.ch\/en\/wp-json\/wp\/v2\/tags?post=59304"}],"curies":[{"name":"wp","href":"https:\/\/api.w.org\/{rel}","templated":true}]}}