{"id":59306,"date":"2018-12-10T10:22:12","date_gmt":"2018-12-10T09:22:12","guid":{"rendered":"https:\/\/hiver.monvtt.ch\/2018\/12\/10\/programmez-une-excursion-vtt-electrique-avec-votre-guide-dans-le-jura-vaudois\/"},"modified":"2018-12-10T10:22:12","modified_gmt":"2018-12-10T09:22:12","slug":"programmez-une-excursion-vtt-electrique-avec-votre-guide-dans-le-jura-vaudois","status":"publish","type":"post","link":"https:\/\/www.tracea.ch\/en\/blog\/programmez-une-excursion-vtt-electrique-avec-votre-guide-dans-le-jura-vaudois\/","title":{"rendered":"Programmez une excursion VTT Electrique avec votre guide dans le Jura Vaudois"},"content":{"rendered":"<p>La pratique du VTT n\u2019est plus r\u00e9serv\u00e9e aux sportifs entra\u00een\u00e9s. Le VTT \u00e9lectrique s\u2019adresse \u00e0 tous les publics pour randonner avec des amis, en famille, en couple, avec des enfants en bas \u00e2ge\u2026 Il fait aussi le bonheur des v\u00e9t\u00e9tistes confirm\u00e9s \u00e0 la recherche de nouvelles performances.<br \/>Le VTT \u00e9lectrique s&rsquo;adresse \u00e0 tous les publics, non sportifs ou sportifs, la distance et la difficult\u00e9 technique du parcours d\u00e9pendant du niveau du participant.<br \/>Les for\u00eats et p\u00e2turages vaudoises deviennent accessibles \u00e0 tout le monde, le tout \u00e9tant quand m\u00eame de savoir p\u00e9daler !<\/p>\n<p><!--more--><\/p>\n<h2>&nbsp;Cette&nbsp;excursion VTT&nbsp;en bref<\/h2>\n<div style=\"width: 100%; height: auto; padding-bottom: 40px; display: inline-block;\">\n<div style=\"width: 50%; float: right;\">&nbsp;3 heures d&rsquo;activit\u00e9s<\/p>\n<hr \/>\n<p><img decoding=\"async\" class=\"size-full wp-image-6039\" src=\"https:\/\/guide-vtt.ch\/wp-content\/uploads\/2018\/12\/picto-velo-VTT.png\" alt=\"Votre sortie&nbsp;VTT Enfant ou Famille \" width=\"50\" height=\"50\" \/> Sortie \u00e0 partir de 90 CHF<\/div>\n<div style=\"width: 50%; float: left;\"><img decoding=\"async\" class=\"size-full wp-image-6040\" src=\"https:\/\/guide-vtt.ch\/wp-content\/uploads\/2018\/12\/picto-groupe-vtt.png\" alt=\"Votre sortie&nbsp;VTT Enfant ou Famille \" width=\"50\" height=\"50\" \/> Maximum&nbsp;10 pers., \u00e0 partir de 10 ans<\/p>\n<hr \/>\n<p><img decoding=\"async\" class=\"size-full wp-image-6041\" src=\"https:\/\/guide-vtt.ch\/wp-content\/uploads\/2018\/12\/picto-duree-vtt.png\" alt=\"Votre sortie&nbsp;VTT Enfant ou Famille \" width=\"50\" height=\"50\" \/> Progression adapt\u00e9e<\/div>\n<\/div>\n<p>&nbsp;<\/p>\n<h2>Ce que nos&nbsp;clients en pensent&nbsp;:<\/h2>\n<p>{loadmoduleid 100}<\/p>\n<p>&nbsp;<\/p>\n<h2>Votre sortie&nbsp;VTT El\u00e9ctrique cot\u00e9 mat\u00e9riel :<\/h2>\n<p>&nbsp;Casque, petit sac \u00e0 dos avec eau, encas sucr\u00e9s, cr\u00e8me solaire, lunette de soleil, gants, n\u00e9cessaire de r\u00e9paration (si vous avez votre propre VTT), chaussures adapt\u00e9es, bonne humeur !&nbsp;<\/p>\n<p>&nbsp;<\/p>\n<p>&nbsp;<\/p>\n<div id=\"reserv\">\n<h2>R\u00e9servation en ligne<\/h2>\n<\/div>\n<p>&nbsp;<\/p>\n<p>&nbsp;<\/p>\n<p><script class=\"mra_script_iframe\" async src=\"https:\/\/booking.myrezapp.com\/bundles\/myrezappdashboard\/js\/Embed\/myrezapp_3rdparty_iframe.js\" data-key=\"210293f660a6237b480ec2ded2235d65\" data-id=\"mra_iframe_content_service20677\" data-lang=\"fr\" data-mode=\"service\" data-service=\"20677\" data-height=\"600px\"><\/script><\/p>\n<div id=\"mra_iframe_content_service20677\"><\/div>\n<p>&nbsp;<\/p>\n<h2>Ce que&nbsp;notre guide en pense :<\/h2>\n<p>{loadmoduleid 172}<\/p>\n<p>&nbsp;<\/p>\n<h2>Nous joindre ou nous rejoindre :&nbsp;<\/h2>\n<p>{loadmoduleid 162}<\/p>\n<p>&nbsp;<\/p>\n<h2>D&rsquo;autres&nbsp;excursions&nbsp;de VTT<\/h2>\n<p>&nbsp;{loadmoduleid 164}<\/p>\n<p>&nbsp;<\/p>\n<p>{loadmoduleid 98}<\/p>\n<p>&nbsp;<\/p>","protected":false},"excerpt":{"rendered":"<p>La pratique du VTT n\u2019est plus r\u00e9serv\u00e9e aux sportifs entra\u00een\u00e9s. Le VTT \u00e9lectrique s\u2019adresse \u00e0 tous les publics pour randonner avec des amis, en famille, en couple, avec des enfants en bas \u00e2ge\u2026 Il fait aussi le bonheur des v\u00e9t\u00e9tistes confirm\u00e9s \u00e0 la recherche de nouvelles performances.Le VTT \u00e9lectrique s&rsquo;adresse \u00e0 tous les publics, non [&hellip;]<\/p>\n","protected":false},"author":1,"featured_media":59411,"comment_status":"open","ping_status":"open","sticky":false,"template":"","format":"standard","meta":{"footnotes":""},"categories":[801],"tags":[802],"class_list":["post-59306","post","type-post","status-publish","format-standard","has-post-thumbnail","hentry","category-blog","tag-sorties-excursions"],"_links":{"self":[{"href":"https:\/\/www.tracea.ch\/en\/wp-json\/wp\/v2\/posts\/59306","targetHints":{"allow":["GET"]}}],"collection":[{"href":"https:\/\/www.tracea.ch\/en\/wp-json\/wp\/v2\/posts"}],"about":[{"href":"https:\/\/www.tracea.ch\/en\/wp-json\/wp\/v2\/types\/post"}],"author":[{"embeddable":true,"href":"https:\/\/www.tracea.ch\/en\/wp-json\/wp\/v2\/users\/1"}],"replies":[{"embeddable":true,"href":"https:\/\/www.tracea.ch\/en\/wp-json\/wp\/v2\/comments?post=59306"}],"version-history":[{"count":0,"href":"https:\/\/www.tracea.ch\/en\/wp-json\/wp\/v2\/posts\/59306\/revisions"}],"wp:featuredmedia":[{"embeddable":true,"href":"https:\/\/www.tracea.ch\/en\/wp-json\/wp\/v2\/media\/59411"}],"wp:attachment":[{"href":"https:\/\/www.tracea.ch\/en\/wp-json\/wp\/v2\/media?parent=59306"}],"wp:term":[{"taxonomy":"category","embeddable":true,"href":"https:\/\/www.tracea.ch\/en\/wp-json\/wp\/v2\/categories?post=59306"},{"taxonomy":"post_tag","embeddable":true,"href":"https:\/\/www.tracea.ch\/en\/wp-json\/wp\/v2\/tags?post=59306"}],"curies":[{"name":"wp","href":"https:\/\/api.w.org\/{rel}","templated":true}]}}