{"id":59308,"date":"2018-10-28T10:22:12","date_gmt":"2018-10-28T09:22:12","guid":{"rendered":"https:\/\/hiver.monvtt.ch\/2018\/10\/28\/a-la-conquete-du-glacier-d-aletsch-en-vtt\/"},"modified":"2018-10-28T10:22:12","modified_gmt":"2018-10-28T09:22:12","slug":"a-la-conquete-du-glacier-d-aletsch-en-vtt","status":"publish","type":"post","link":"https:\/\/www.tracea.ch\/en\/blog\/a-la-conquete-du-glacier-d-aletsch-en-vtt\/","title":{"rendered":"\u00c0 la conqu\u00eate du glacier d\u2019Aletsch"},"content":{"rendered":"<p>\u00c0 la conqu\u00eate du glacier d\u2019Aletsch: 36h en autonomie, rouler un c\u00e9l\u00e8bre trail au plus pr\u00e8s du glacier d\u2019Aletsch, le plus grand des Alpes ! Une photographie trouv\u00e9e au hasard d\u2019un panorama majestueux dans le Valais suisse a hant\u00e9 Julien Prenez pendant presque 12 mois, une fixation et un nouvel objectif de ce membre \u00e9minent du Giromagny Enduro Team. D\u00e9couvrez cette <a href=\"https:\/\/www.vojomag.com\/column\/a-la-conquete-du-glacier-daletsch-36h-en-autonomie\/\" target=\"_blank\" rel=\"noopener noreferrer\">belle aventure de VTTiste passionn\u00e9<\/a><\/p>\n<p><!--more--><\/p>\n<p>\u00a0<\/p>\n<p>Pour en savoir d&rsquo;avantage sur ce\u00a0trail VTT, lisez l&rsquo;article complet dans le <a href=\"https:\/\/www.vojomag.com\/column\/a-la-conquete-du-glacier-daletsch-36h-en-autonomie\/\" target=\"_blank\" rel=\"noopener noreferrer\">magasine VTT VOJO<\/a><\/p>","protected":false},"excerpt":{"rendered":"<p>\u00c0 la conqu\u00eate du glacier d\u2019Aletsch: 36h en autonomie, rouler un c\u00e9l\u00e8bre trail au plus pr\u00e8s du glacier d\u2019Aletsch, le plus grand des Alpes ! Une photographie trouv\u00e9e au hasard d\u2019un panorama majestueux dans le Valais suisse a hant\u00e9 Julien Prenez pendant presque 12 mois, une fixation et un nouvel objectif de ce membre \u00e9minent [&hellip;]<\/p>\n","protected":false},"author":1,"featured_media":0,"comment_status":"open","ping_status":"open","sticky":false,"template":"","format":"standard","meta":{"footnotes":""},"categories":[801],"tags":[808],"class_list":["post-59308","post","type-post","status-publish","format-standard","hentry","category-blog","tag-actualites"],"_links":{"self":[{"href":"https:\/\/www.tracea.ch\/en\/wp-json\/wp\/v2\/posts\/59308","targetHints":{"allow":["GET"]}}],"collection":[{"href":"https:\/\/www.tracea.ch\/en\/wp-json\/wp\/v2\/posts"}],"about":[{"href":"https:\/\/www.tracea.ch\/en\/wp-json\/wp\/v2\/types\/post"}],"author":[{"embeddable":true,"href":"https:\/\/www.tracea.ch\/en\/wp-json\/wp\/v2\/users\/1"}],"replies":[{"embeddable":true,"href":"https:\/\/www.tracea.ch\/en\/wp-json\/wp\/v2\/comments?post=59308"}],"version-history":[{"count":0,"href":"https:\/\/www.tracea.ch\/en\/wp-json\/wp\/v2\/posts\/59308\/revisions"}],"wp:attachment":[{"href":"https:\/\/www.tracea.ch\/en\/wp-json\/wp\/v2\/media?parent=59308"}],"wp:term":[{"taxonomy":"category","embeddable":true,"href":"https:\/\/www.tracea.ch\/en\/wp-json\/wp\/v2\/categories?post=59308"},{"taxonomy":"post_tag","embeddable":true,"href":"https:\/\/www.tracea.ch\/en\/wp-json\/wp\/v2\/tags?post=59308"}],"curies":[{"name":"wp","href":"https:\/\/api.w.org\/{rel}","templated":true}]}}