{"id":59325,"date":"2019-06-03T21:35:36","date_gmt":"2019-06-03T19:35:36","guid":{"rendered":"https:\/\/hiver.monvtt.ch\/2019\/06\/03\/le-vtt-en-famille-sur-st-cergue-nyon\/"},"modified":"2026-08-23T11:22:42","modified_gmt":"2026-08-23T11:22:42","slug":"le-vtt-en-famille-sur-st-cergue-nyon","status":"publish","type":"post","link":"https:\/\/www.tracea.ch\/en\/blog\/le-vtt-en-famille-sur-st-cergue-nyon\/","title":{"rendered":"Le VTT en famille sur St-Cergue (Nyon)"},"content":{"rendered":"<h4>Sortie tracea.ch &#8211; Jeudi 30 mai &#8211;\u00a0 Randonn\u00e9e \u00e0 VTT en famille<\/h4>\n<p>La nuit du mercredi a laiss\u00e9 place \u00e0 un grand soleil, des conditions id\u00e9ales pour accueillir Tania et sa petite famille ! Une matin\u00e9e tr\u00e8s conviviale avec l&rsquo;apprentissage de quelques bases et une petite randonn\u00e9e du c\u00f4t\u00e9 des ruines d&rsquo;Oujon.\u00a0<\/p>\n<p>\u00a0<\/p>\n<\/p>\n<p>Pratiquez le VTT en famille pendant votre s\u00e9jour dans la r\u00e9gion de St-Cergue : les diff\u00e9rentes d\u00e9clinaisons de ce loisir sportif lui permettent de s\u2019adapter \u00e0 tous les \u00e2ges et \u00e0 toutes les conditions physiques !<\/p>\n<p>Variante ludique et sportive de la randonn\u00e9e p\u00e9destre, les balades et randos \u00e0 VTT sont un loisir familial appr\u00e9ci\u00e9 de tous. Au c\u0153ur de paysages somptueux et vari\u00e9s, alternant entre for\u00eats de sapins, alpages, larges pistes et petits sentiers, la randonn\u00e9e familiale en VTT est une agr\u00e9able mani\u00e8re de profiter des bienfaits de la montagne en \u00e9t\u00e9.<\/p>\n<p>Avec tracea.ch, laissez-vous tenter par la d\u00e9couverte du VTT \u00e9lectrique gr\u00e2ce aux pistes adapt\u00e9es et aux points de rechargement dont sont \u00e9quip\u00e9s les itin\u00e9raires !<\/p>\n<p><img fetchpriority=\"high\" decoding=\"async\" class=\"alignleft size-full wp-image-6088\" style=\"margin: 10px; float: left;\" src=\"https:\/\/guide-vtt.ch\/wp-content\/uploads\/2019\/06\/20190530_094707-scaled.jpg\" alt=\"20190530 094707\" width=\"300\" height=\"533\"><\/p>\n<h4>\u00a0<\/h4>\n<h4>Mountain bike en famille dans le Jura Vaudois<\/h4>\n<p>Faire du VTT en famille, c\u2019est aussi permettre \u00e0 chacun d\u2019exprimer ses go\u00fbts et d\u2019oser des d\u00e9couvertes\u2026 Car le massif du Jura est adapt\u00e9 \u00e0 toutes les formes de pratique du VTT : randonn\u00e9es et balades mais aussi VTT de descente, freeride, enduro, cross country\u2026<\/p>\n<p>Pour s\u2019initier et pour progresser, votre guide accompagnnateur tracea.ch est \u00e0 votre service. tracea.ch dispose de son propre mat\u00e9riel pour pouvoir pratiquer le mountain bike en famille dans des conditions optimales de confort et de s\u00e9curit\u00e9.<\/p>\n<p>D\u00e9couvrez \u00e9galement les nombreuses activit\u00e9s qui vous sont propos\u00e9es \u00e0 l&rsquo;<a href=\"https:\/\/www.lacote-tourisme.ch\/fr\/Z557\/st-cergue\" target=\"_blank\" rel=\"noopener\">office de tourisme de St-Cergue<\/a> lors de votre s\u00e9jour en famille \u00e0 la montagne, et tous les bons plans pour des vacances en famille tout compris.<\/p>\n<p>\u00a0<\/p>\n<address><a href=\"https:\/\/guide-vtt.ch\/2018\/12\/10\/programmez-une-excursion-vtt-cross-country-avec-votre-guide-jura-vaudois-suisse\/\" target=\"_blank\" rel=\"noopener\">R\u00e9servez votre prochaine randonn\u00e9e VTT en famille\u00a0<\/a><\/address>\n<p>\u00a0<\/p>","protected":false},"excerpt":{"rendered":"<p>Sortie tracea.ch &#8211; Jeudi 30 mai &#8211;\u00a0 Randonn\u00e9e \u00e0 VTT en famille La nuit du mercredi a laiss\u00e9 place \u00e0 un grand soleil, des conditions id\u00e9ales pour accueillir Tania et sa petite famille ! Une matin\u00e9e tr\u00e8s conviviale avec l&rsquo;apprentissage de quelques bases et une petite randonn\u00e9e du c\u00f4t\u00e9 des ruines d&rsquo;Oujon.\u00a0 \u00a0 Pratiquez le [&hellip;]<\/p>\n","protected":false},"author":1,"featured_media":59437,"comment_status":"open","ping_status":"open","sticky":false,"template":"","format":"standard","meta":{"footnotes":""},"categories":[801],"tags":[808],"class_list":["post-59325","post","type-post","status-publish","format-standard","has-post-thumbnail","hentry","category-blog","tag-actualites"],"_links":{"self":[{"href":"https:\/\/www.tracea.ch\/en\/wp-json\/wp\/v2\/posts\/59325","targetHints":{"allow":["GET"]}}],"collection":[{"href":"https:\/\/www.tracea.ch\/en\/wp-json\/wp\/v2\/posts"}],"about":[{"href":"https:\/\/www.tracea.ch\/en\/wp-json\/wp\/v2\/types\/post"}],"author":[{"embeddable":true,"href":"https:\/\/www.tracea.ch\/en\/wp-json\/wp\/v2\/users\/1"}],"replies":[{"embeddable":true,"href":"https:\/\/www.tracea.ch\/en\/wp-json\/wp\/v2\/comments?post=59325"}],"version-history":[{"count":1,"href":"https:\/\/www.tracea.ch\/en\/wp-json\/wp\/v2\/posts\/59325\/revisions"}],"predecessor-version":[{"id":60053,"href":"https:\/\/www.tracea.ch\/en\/wp-json\/wp\/v2\/posts\/59325\/revisions\/60053"}],"wp:featuredmedia":[{"embeddable":true,"href":"https:\/\/www.tracea.ch\/en\/wp-json\/wp\/v2\/media\/59437"}],"wp:attachment":[{"href":"https:\/\/www.tracea.ch\/en\/wp-json\/wp\/v2\/media?parent=59325"}],"wp:term":[{"taxonomy":"category","embeddable":true,"href":"https:\/\/www.tracea.ch\/en\/wp-json\/wp\/v2\/categories?post=59325"},{"taxonomy":"post_tag","embeddable":true,"href":"https:\/\/www.tracea.ch\/en\/wp-json\/wp\/v2\/tags?post=59325"}],"curies":[{"name":"wp","href":"https:\/\/api.w.org\/{rel}","templated":true}]}}