{"id":59327,"date":"2019-06-23T20:09:39","date_gmt":"2019-06-23T18:09:39","guid":{"rendered":"https:\/\/hiver.monvtt.ch\/2019\/06\/23\/journee-rando-raclette-vtt-electrique-dimanche-7-juillet\/"},"modified":"2026-08-23T11:22:42","modified_gmt":"2026-08-23T11:22:42","slug":"journee-rando-raclette-vtt-electrique-dimanche-7-juillet","status":"publish","type":"post","link":"https:\/\/www.tracea.ch\/en\/blog\/journee-rando-raclette-vtt-electrique-dimanche-7-juillet\/","title":{"rendered":"Journ\u00e9e \u00ab\u00a0Rando-Raclette\u00a0\u00bb &#8211; VTT Electrique &#8211; Dimanche 7 juillet"},"content":{"rendered":"<h4>Journ\u00e9e \u00ab\u00a0Rando-Raclette\u00a0\u00bb &#8211; VTT Electrique &#8211; Dimanche 7 juillet<\/h4>\n<p>Points forts<br \/>Le massif du Jura est un paradis sauvage et prot\u00e9g\u00e9 qui se laisse d\u00e9couvrir.Laissez-moi vous guidez et surprendre \u00e0 travers nos for\u00eats et montagnes.<\/p>\n<p>DescriptionLa sortie commence par l&rsquo;apprentissage de quelques exercices destin\u00e9s \u00e0 vous faire d\u00e9couvrir les bases du VTT \u00e9lectrique. Position sur le v\u00e9lo, attitude en mont\u00e9e, freinage et franchissement de petits obstacles.<\/p>\n<p>Apr\u00e8s cette d\u00e9couverte nous partirons d\u00e9couvrir la r\u00e9gion \u00e0 travers une petite ballade de quelques kilom\u00e8tres. Si la m\u00e9t\u00e9o est favorable vous profiterez d&rsquo;une superbe vue sur le lac L\u00e9man, la cha\u00eene des Alpes et le majestueux Mont-Blanc !<\/p>\n<p>La pause de midi se fera autour du four \u00e0 raclette transport\u00e9 \u00e0 dos de cycliste !<\/p>\n<p>\u00a0<\/p>\n<h5>Alexandra Olivier : Une journ\u00e9e magnifique dans le Jura, sortie Rando-Raclette \u2600\ufe0f<br \/>Un peu ou un peu beaucoup selon qui ???? d\u2019efforts, quelques frayeurs mais aussi du surpassement de moi, fiert\u00e9 de l\u2019avoir fait et envie recommencer, d\u2019apprendre plus. Un chouette \u00e9quipe, du partage et des franches rigolades, une raclette emport\u00e9e dans le sac \u00e0 dos, de l\u2019effort et du r\u00e9confort. Merci tracea.ch<\/h5>\n<p>Un verre de vin vous sera servi et quelques portions de raclettes accompagneront vos pommes de terre !<\/p>\n<p>Cette session est destin\u00e9e \u00e0 tout public d\u00e9sireux de passer un moment convivial, entres amis ou en famille.<\/p>\n<h5>\u00ab\u00a0Christophe Olivier\u00a0\u00bb Merci c\u2019\u00e9tait vraiment super une bonne \u00e9quipe un bon guide une tr\u00e8s belle journ\u00e9e tout pour passer un super dimanche !<\/h5>\n<p>\u00a0<\/p>\n<p>\u00a0<\/p>\n<p>\u00a0<img fetchpriority=\"high\" decoding=\"async\" class=\"alignright size-full wp-image-6093\" src=\"https:\/\/guide-vtt.ch\/wp-content\/uploads\/2019\/06\/Monvtt_Jura_Nyon_5-scaled.jpg\" alt=\"Monvtt Jura Nyon 5\" width=\"500\" height=\"281\" style=\"margin: 5px; float: right;\"><\/p>\n<p><img decoding=\"async\" class=\"alignleft size-full wp-image-6094\" src=\"https:\/\/guide-vtt.ch\/wp-content\/uploads\/2019\/06\/Monvtt_Jura_Nyon_12-scaled.jpg\" alt=\"Monvtt Jura Nyon 12\" width=\"500\" height=\"281\" style=\"margin: 5px; float: left;\"><\/p>\n<p><img decoding=\"async\" class=\"alignright size-full wp-image-6095\" src=\"https:\/\/guide-vtt.ch\/wp-content\/uploads\/2019\/06\/Monvtt_Jura_Nyon_10-scaled.jpg\" alt=\"Monvtt Jura Nyon 10\" width=\"500\" height=\"281\" style=\"margin: 5px; float: right;\"><\/p>\n<p>\u00a0<\/p>\n<p>\u00a0<\/p>\n<p>\u00a0<\/p>\n<p>\u00a0<\/p>","protected":false},"excerpt":{"rendered":"<p>Journ\u00e9e \u00ab\u00a0Rando-Raclette\u00a0\u00bb &#8211; VTT Electrique &#8211; Dimanche 7 juillet Points fortsLe massif du Jura est un paradis sauvage et prot\u00e9g\u00e9 qui se laisse d\u00e9couvrir.Laissez-moi vous guidez et surprendre \u00e0 travers nos for\u00eats et montagnes. DescriptionLa sortie commence par l&rsquo;apprentissage de quelques exercices destin\u00e9s \u00e0 vous faire d\u00e9couvrir les bases du VTT \u00e9lectrique. Position sur le [&hellip;]<\/p>\n","protected":false},"author":1,"featured_media":59443,"comment_status":"open","ping_status":"open","sticky":false,"template":"","format":"standard","meta":{"footnotes":""},"categories":[801],"tags":[808],"class_list":["post-59327","post","type-post","status-publish","format-standard","has-post-thumbnail","hentry","category-blog","tag-actualites"],"_links":{"self":[{"href":"https:\/\/www.tracea.ch\/en\/wp-json\/wp\/v2\/posts\/59327","targetHints":{"allow":["GET"]}}],"collection":[{"href":"https:\/\/www.tracea.ch\/en\/wp-json\/wp\/v2\/posts"}],"about":[{"href":"https:\/\/www.tracea.ch\/en\/wp-json\/wp\/v2\/types\/post"}],"author":[{"embeddable":true,"href":"https:\/\/www.tracea.ch\/en\/wp-json\/wp\/v2\/users\/1"}],"replies":[{"embeddable":true,"href":"https:\/\/www.tracea.ch\/en\/wp-json\/wp\/v2\/comments?post=59327"}],"version-history":[{"count":1,"href":"https:\/\/www.tracea.ch\/en\/wp-json\/wp\/v2\/posts\/59327\/revisions"}],"predecessor-version":[{"id":60050,"href":"https:\/\/www.tracea.ch\/en\/wp-json\/wp\/v2\/posts\/59327\/revisions\/60050"}],"wp:featuredmedia":[{"embeddable":true,"href":"https:\/\/www.tracea.ch\/en\/wp-json\/wp\/v2\/media\/59443"}],"wp:attachment":[{"href":"https:\/\/www.tracea.ch\/en\/wp-json\/wp\/v2\/media?parent=59327"}],"wp:term":[{"taxonomy":"category","embeddable":true,"href":"https:\/\/www.tracea.ch\/en\/wp-json\/wp\/v2\/categories?post=59327"},{"taxonomy":"post_tag","embeddable":true,"href":"https:\/\/www.tracea.ch\/en\/wp-json\/wp\/v2\/tags?post=59327"}],"curies":[{"name":"wp","href":"https:\/\/api.w.org\/{rel}","templated":true}]}}