{"id":59333,"date":"2019-12-14T19:53:02","date_gmt":"2019-12-14T18:53:02","guid":{"rendered":"https:\/\/hiver.monvtt.ch\/2019\/12\/14\/programme-jeunesse-sport-informations\/"},"modified":"2019-12-14T19:53:02","modified_gmt":"2019-12-14T18:53:02","slug":"programme-jeunesse-sport-informations","status":"publish","type":"post","link":"https:\/\/www.tracea.ch\/en\/blog\/programme-jeunesse-sport-informations\/","title":{"rendered":"Programme Jeunesse+Sport"},"content":{"rendered":"<h3 class=\"text-inline\">Informations pour les enfants et les jeunes<\/h3>\n<p><b>Tu souhaite te lancer dans un nouveau sport ou progresser dans ton sport de pr\u00e9dilection?&nbsp;Alors rejoigne nous&nbsp;dans un<\/b><b> cours ou un camp de Jeunesse+Sport!<\/b>&nbsp;<\/p>\n<p>Les cours J+S sont ouverts aux enfants et aux jeunes de&nbsp;5 \u00e0 20 ans et permettent de pratiquer r\u00e9guli\u00e8rement une activit\u00e9&nbsp;sportive en groupe. Les moniteurs sont au b\u00e9n\u00e9fice d\u2019une formation approfondie et veillent \u00e0 ce que les entra\u00eenements soient vari\u00e9s et adapt\u00e9s \u00e0 la pratique actuelle. Toutes les personnes qui \u0153uvrent dans le cadre de J+S attachent une attention particuli\u00e8re \u00e0 la reconnaissance mutuelle, \u00e0 la confiance et \u00e0 l\u2019honn\u00eatet\u00e9, ainsi qu\u2019au fair-play et au respect des r\u00e8gles.&nbsp;&nbsp;<\/p>\n<p>Tr\u00e8s pris\u00e9 des sportifs qui aiment la nature et qui souhaitent rouler \u00e0 l\u2019\u00e9cart des grands axes, le VTT exige une excellente technique et une tr\u00e8s bonne condition physique en comp\u00e9tition, les \u00e9preuves allant de la course d\u2019une heure en cross-country aux courses d\u2019endurance de dix heures.<\/p>\n<p>&nbsp;<\/p>\n<p><img fetchpriority=\"high\" decoding=\"async\" class=\"alignleft size-full wp-image-6128\" style=\"margin: 10px; float: left;\" src=\"https:\/\/guide-vtt.ch\/wp-content\/uploads\/2019\/12\/Jeune_pilote.jpg\" alt=\"Jeune pilote\" width=\"588\" height=\"368\" \/><\/p>\n<p>&nbsp;<\/p>\n<p>Les plus jeunes appr\u00e9cient tout particuli\u00e8rement le fait d\u2019\u00e9voluer sur un terrain naturel et le VTT leur assure une formation de base id\u00e9ale pour aborder les autres sports cyclistes.<\/p>\n<p>En VTT, l\u2019endurance fondamentale, la r\u00e9sistance-v\u00e9locit\u00e9, la puissance de d\u00e9marrage et la puissance explosive sont des \u00e9l\u00e9ments clefs, tout comme la technique et la coordination. Ces diff\u00e9rentes composantes jouent un r\u00f4le essentiel en cross country, en descente et en four-cross, les disciplines pratiqu\u00e9es en comp\u00e9tition.<\/p>\n<p>&nbsp;Si tu es int\u00e9ress\u00e9, viens nous rendre visite :&nbsp;<a href=\"https:\/\/guide-vtt.ch\/une-ecole-vtt-pour-vous-aider-a-progresser-cours-stages.html\" target=\"_blank\" rel=\"noopener\">Ecole VTT de St-Cergue<\/a><\/p>\n<p>&nbsp;<\/p>\n<p>&nbsp;<\/p>\n<p>&nbsp;<\/p>","protected":false},"excerpt":{"rendered":"<p>Informations pour les enfants et les jeunes Tu souhaite te lancer dans un nouveau sport ou progresser dans ton sport de pr\u00e9dilection?&nbsp;Alors rejoigne nous&nbsp;dans un cours ou un camp de Jeunesse+Sport!&nbsp; Les cours J+S sont ouverts aux enfants et aux jeunes de&nbsp;5 \u00e0 20 ans et permettent de pratiquer r\u00e9guli\u00e8rement une activit\u00e9&nbsp;sportive en groupe. Les [&hellip;]<\/p>\n","protected":false},"author":1,"featured_media":6127,"comment_status":"open","ping_status":"open","sticky":false,"template":"","format":"standard","meta":{"footnotes":""},"categories":[801],"tags":[808],"class_list":["post-59333","post","type-post","status-publish","format-standard","has-post-thumbnail","hentry","category-blog","tag-actualites"],"_links":{"self":[{"href":"https:\/\/www.tracea.ch\/en\/wp-json\/wp\/v2\/posts\/59333","targetHints":{"allow":["GET"]}}],"collection":[{"href":"https:\/\/www.tracea.ch\/en\/wp-json\/wp\/v2\/posts"}],"about":[{"href":"https:\/\/www.tracea.ch\/en\/wp-json\/wp\/v2\/types\/post"}],"author":[{"embeddable":true,"href":"https:\/\/www.tracea.ch\/en\/wp-json\/wp\/v2\/users\/1"}],"replies":[{"embeddable":true,"href":"https:\/\/www.tracea.ch\/en\/wp-json\/wp\/v2\/comments?post=59333"}],"version-history":[{"count":0,"href":"https:\/\/www.tracea.ch\/en\/wp-json\/wp\/v2\/posts\/59333\/revisions"}],"wp:featuredmedia":[{"embeddable":true,"href":"https:\/\/www.tracea.ch\/en\/wp-json\/wp\/v2\/media\/6127"}],"wp:attachment":[{"href":"https:\/\/www.tracea.ch\/en\/wp-json\/wp\/v2\/media?parent=59333"}],"wp:term":[{"taxonomy":"category","embeddable":true,"href":"https:\/\/www.tracea.ch\/en\/wp-json\/wp\/v2\/categories?post=59333"},{"taxonomy":"post_tag","embeddable":true,"href":"https:\/\/www.tracea.ch\/en\/wp-json\/wp\/v2\/tags?post=59333"}],"curies":[{"name":"wp","href":"https:\/\/api.w.org\/{rel}","templated":true}]}}