{"id":59337,"date":"2020-11-15T17:01:32","date_gmt":"2020-11-15T16:01:32","guid":{"rendered":"https:\/\/hiver.monvtt.ch\/2020\/11\/15\/monvtt-ch-fermeture-saisonniere\/"},"modified":"2026-08-25T19:42:19","modified_gmt":"2026-08-25T19:42:19","slug":"monvtt-ch-fermeture-saisonniere","status":"publish","type":"post","link":"https:\/\/www.tracea.ch\/en\/blog\/monvtt-ch-fermeture-saisonniere\/","title":{"rendered":"tracea.ch &#8211; Fermeture saisonni\u00e8re"},"content":{"rendered":"<p>Cher visiteur, nous vous informons que nos activit\u00e9s sont susendus pour la p\u00e9riode hivernal. Notre agenda printanier est d\u00e9j\u00e0 en pr\u00e9paration et nous vous r\u00e9servons de belles surprises ! Si vous avez des questions nous restons joignable par mail \u00e0 l&rsquo;adresse <a href=\"mailto:guide@tracea.chg\">guide@tracea.ch<\/a><\/p>\n<p>Les sorties du club VTT St-Cergue quant \u00e0 elles sont toujours d&rsquo;actualit\u00e9, renseignements sur notre site : <a href=\"https:\/\/www.vtt-st-cergue.ch\/\" target=\"_blank\" rel=\"noopener\">https:\/\/www.vtt-st-cergue.ch\/<\/a><\/p>\n<\/p>\n<p>\u00a0<\/p>\n<p>Nous vous souhaitons un tr\u00e8s bel hiver !<\/p>","protected":false},"excerpt":{"rendered":"<p>Cher visiteur, nous vous informons que nos activit\u00e9s sont susendus pour la p\u00e9riode hivernal. Notre agenda printanier est d\u00e9j\u00e0 en pr\u00e9paration et nous vous r\u00e9servons de belles surprises ! Si vous avez des questions nous restons joignable par mail \u00e0 l&rsquo;adresse guide@tracea.ch Les sorties du club VTT St-Cergue quant \u00e0 elles sont toujours d&rsquo;actualit\u00e9, renseignements [&hellip;]<\/p>\n","protected":false},"author":1,"featured_media":59481,"comment_status":"open","ping_status":"open","sticky":false,"template":"","format":"standard","meta":{"footnotes":""},"categories":[801],"tags":[808],"class_list":["post-59337","post","type-post","status-publish","format-standard","has-post-thumbnail","hentry","category-blog","tag-actualites"],"_links":{"self":[{"href":"https:\/\/www.tracea.ch\/en\/wp-json\/wp\/v2\/posts\/59337","targetHints":{"allow":["GET"]}}],"collection":[{"href":"https:\/\/www.tracea.ch\/en\/wp-json\/wp\/v2\/posts"}],"about":[{"href":"https:\/\/www.tracea.ch\/en\/wp-json\/wp\/v2\/types\/post"}],"author":[{"embeddable":true,"href":"https:\/\/www.tracea.ch\/en\/wp-json\/wp\/v2\/users\/1"}],"replies":[{"embeddable":true,"href":"https:\/\/www.tracea.ch\/en\/wp-json\/wp\/v2\/comments?post=59337"}],"version-history":[{"count":2,"href":"https:\/\/www.tracea.ch\/en\/wp-json\/wp\/v2\/posts\/59337\/revisions"}],"predecessor-version":[{"id":60142,"href":"https:\/\/www.tracea.ch\/en\/wp-json\/wp\/v2\/posts\/59337\/revisions\/60142"}],"wp:featuredmedia":[{"embeddable":true,"href":"https:\/\/www.tracea.ch\/en\/wp-json\/wp\/v2\/media\/59481"}],"wp:attachment":[{"href":"https:\/\/www.tracea.ch\/en\/wp-json\/wp\/v2\/media?parent=59337"}],"wp:term":[{"taxonomy":"category","embeddable":true,"href":"https:\/\/www.tracea.ch\/en\/wp-json\/wp\/v2\/categories?post=59337"},{"taxonomy":"post_tag","embeddable":true,"href":"https:\/\/www.tracea.ch\/en\/wp-json\/wp\/v2\/tags?post=59337"}],"curies":[{"name":"wp","href":"https:\/\/api.w.org\/{rel}","templated":true}]}}