{"id":59341,"date":"2021-05-15T07:25:20","date_gmt":"2021-05-15T05:25:20","guid":{"rendered":"https:\/\/hiver.monvtt.ch\/2021\/05\/15\/bike-park-de-st-cergue\/"},"modified":"2021-05-15T07:25:20","modified_gmt":"2021-05-15T05:25:20","slug":"bike-park-de-st-cergue","status":"publish","type":"post","link":"https:\/\/www.tracea.ch\/en\/blog\/bike-park-de-st-cergue\/","title":{"rendered":"Bike Park de St-Cergue"},"content":{"rendered":"<p>Le Bike Park St-Cergue est ouvert depuis le samedi 8 mai 2021.<\/p>\n<p>Heures d\u2019ouverture: tous les jours de 07:00 \u00e0 la tomb\u00e9e de la nuit (avec des exceptions dues aux r\u00e9servations). Le Bike Park est situ\u00e9 au-dessus de la chapelle catholique. Veuillez utiliser les parkings du centre du village, \u00e0 proximit\u00e9 de l\u2019office du tourisme. Cet espace d\u2019entra\u00eenement pour le VTT est la propri\u00e9t\u00e9 de la Commune de Saint-Cergue et mis \u00e0 disposition par celle-ci. Pour le financement, la commune de St-Cergue a b\u00e9n\u00e9fici\u00e9 de l\u2019aide de: la R\u00e9gion de Nyon et son Fonds Tourisme de Nature; le Fonds R\u00e9gional d\u2019\u00c9quipement Touristique (FRET); le Fonds du Sport Vaudois de la Loterie Romande. Le comit\u00e9 du VTT-Club St-Cergue a contribu\u00e9 par son impulsion et ses conseils \u00e0 la cr\u00e9ation de ce Bike Park. Il s\u2019engage \u00e0 entretenir les pistes et les modules en bois.<\/p>\n<p>Vous pouvez louer des VTT semi-suspendu et tout suspendu sur notre Page de Location.<\/p>\n<p>Attention, il est interdit aux VTT \u00e9lectriques !<\/p>\n<p><a href=\"\/en\/location-vtt.html\/?view=itemslist&amp;category_id=1\">R\u00e9server un VTT<\/a><\/p><\/p>","protected":false},"excerpt":{"rendered":"<p>Le Bike Park St-Cergue est ouvert depuis le samedi 8 mai 2021. Heures d\u2019ouverture: tous les jours de 07:00 \u00e0 la tomb\u00e9e de la nuit (avec des exceptions dues aux r\u00e9servations). Le Bike Park est situ\u00e9 au-dessus de la chapelle catholique. Veuillez utiliser les parkings du centre du village, \u00e0 proximit\u00e9 de l\u2019office du tourisme. [&hellip;]<\/p>\n","protected":false},"author":1,"featured_media":59878,"comment_status":"open","ping_status":"open","sticky":false,"template":"","format":"standard","meta":{"footnotes":""},"categories":[801],"tags":[808],"class_list":["post-59341","post","type-post","status-publish","format-standard","has-post-thumbnail","hentry","category-blog","tag-actualites"],"_links":{"self":[{"href":"https:\/\/www.tracea.ch\/en\/wp-json\/wp\/v2\/posts\/59341","targetHints":{"allow":["GET"]}}],"collection":[{"href":"https:\/\/www.tracea.ch\/en\/wp-json\/wp\/v2\/posts"}],"about":[{"href":"https:\/\/www.tracea.ch\/en\/wp-json\/wp\/v2\/types\/post"}],"author":[{"embeddable":true,"href":"https:\/\/www.tracea.ch\/en\/wp-json\/wp\/v2\/users\/1"}],"replies":[{"embeddable":true,"href":"https:\/\/www.tracea.ch\/en\/wp-json\/wp\/v2\/comments?post=59341"}],"version-history":[{"count":0,"href":"https:\/\/www.tracea.ch\/en\/wp-json\/wp\/v2\/posts\/59341\/revisions"}],"wp:featuredmedia":[{"embeddable":true,"href":"https:\/\/www.tracea.ch\/en\/wp-json\/wp\/v2\/media\/59878"}],"wp:attachment":[{"href":"https:\/\/www.tracea.ch\/en\/wp-json\/wp\/v2\/media?parent=59341"}],"wp:term":[{"taxonomy":"category","embeddable":true,"href":"https:\/\/www.tracea.ch\/en\/wp-json\/wp\/v2\/categories?post=59341"},{"taxonomy":"post_tag","embeddable":true,"href":"https:\/\/www.tracea.ch\/en\/wp-json\/wp\/v2\/tags?post=59341"}],"curies":[{"name":"wp","href":"https:\/\/api.w.org\/{rel}","templated":true}]}}