{"id":59343,"date":"2021-05-30T10:46:30","date_gmt":"2021-05-30T08:46:30","guid":{"rendered":"https:\/\/hiver.monvtt.ch\/2021\/05\/30\/les-sorties-coaching-en-route-vers-l-autonomie\/"},"modified":"2021-05-30T10:46:30","modified_gmt":"2021-05-30T08:46:30","slug":"les-sorties-coaching-en-route-vers-l-autonomie","status":"publish","type":"post","link":"https:\/\/www.tracea.ch\/en\/blog\/les-sorties-coaching-en-route-vers-l-autonomie\/","title":{"rendered":"Les sorties Coaching &#8211; En route vers l&rsquo;autonomie !"},"content":{"rendered":"<p><em><strong>Cette semaine plusieurs sorties Coaching ont permis \u00e0 des personnes seules, des groupes, et des enfants de mieux d\u00e9couvrir leur VTT, le pilotage et les aspects s\u00e9curit\u00e9 du VTT, et en plus de d\u00e9couvrir les chemins du Jura vaudois.<\/strong><\/em><\/p>\n<p>&nbsp;<\/p>\n<p>Nos guides vous proposent des<strong> sorties personnalis\u00e9es<\/strong> de <strong>2 hours 30 minutes<\/strong> en semaine ou week-end pour <strong>d\u00e9buter<\/strong>, <strong>prendre confiance<\/strong> ou <strong>se perfectionner<\/strong> en Cross Country, Enduro, DH ou \u00e9lectrique.<\/p>\n<p>Chaque cours est enit\u00e8rement adapt\u00e9 \u00e0 vos besoins, votre niveau, vos envies et attentes, un entretien t\u00e9l\u00e9phonique permet au pr\u00e9alable de d\u00e9finir l&rsquo;orientation de la s\u00e9ance.<\/p>\n<p>Les sorties coaching vous aide \u00e0 prendre possession de toutes les techniques utiles et s\u00e9curitaires pour rouler dans des chemins forestiers ou engag\u00e9s.\u00a0 Le guide vous apportera la th\u00e9orie et s&rsquo;assurera de la mise en pratique au fur et \u00e0 mesure de la s\u00e9ance.<\/p>\n<p>Pendant cette session, vous d\u00e9couvrirez \u00e9galement quelques sentiers du Jura Vaudois, que vous pourrez ensuite partir explorer seul(e) gr\u00e2ce aux s\u00e9ances qui affinent \u00e9galement l&rsquo;orientation.<\/p>\n<p><span style=\"text-decoration: underline;\"><strong><a href=\"\/en\/coaching-et-cours-de-pilotage-en-vtt.html\/\">R\u00e9servez votre s\u00e9ance Coaching Individuelle ou en Groupe.<\/a><\/strong><\/span><\/p>\n<p>&nbsp;<\/p>","protected":false},"excerpt":{"rendered":"<p>Cette semaine plusieurs sorties Coaching ont permis \u00e0 des personnes seules, des groupes, et des enfants de mieux d\u00e9couvrir leur VTT, le pilotage et les aspects s\u00e9curit\u00e9 du VTT, et en plus de d\u00e9couvrir les chemins du Jura vaudois. &nbsp; Nos guides vous proposent des sorties personnalis\u00e9es de 2h30 en semaine ou week-end pour d\u00e9buter, [&hellip;]<\/p>\n","protected":false},"author":1,"featured_media":59531,"comment_status":"open","ping_status":"open","sticky":false,"template":"","format":"standard","meta":{"footnotes":""},"categories":[801],"tags":[808],"class_list":["post-59343","post","type-post","status-publish","format-standard","has-post-thumbnail","hentry","category-blog","tag-actualites"],"_links":{"self":[{"href":"https:\/\/www.tracea.ch\/en\/wp-json\/wp\/v2\/posts\/59343","targetHints":{"allow":["GET"]}}],"collection":[{"href":"https:\/\/www.tracea.ch\/en\/wp-json\/wp\/v2\/posts"}],"about":[{"href":"https:\/\/www.tracea.ch\/en\/wp-json\/wp\/v2\/types\/post"}],"author":[{"embeddable":true,"href":"https:\/\/www.tracea.ch\/en\/wp-json\/wp\/v2\/users\/1"}],"replies":[{"embeddable":true,"href":"https:\/\/www.tracea.ch\/en\/wp-json\/wp\/v2\/comments?post=59343"}],"version-history":[{"count":0,"href":"https:\/\/www.tracea.ch\/en\/wp-json\/wp\/v2\/posts\/59343\/revisions"}],"wp:featuredmedia":[{"embeddable":true,"href":"https:\/\/www.tracea.ch\/en\/wp-json\/wp\/v2\/media\/59531"}],"wp:attachment":[{"href":"https:\/\/www.tracea.ch\/en\/wp-json\/wp\/v2\/media?parent=59343"}],"wp:term":[{"taxonomy":"category","embeddable":true,"href":"https:\/\/www.tracea.ch\/en\/wp-json\/wp\/v2\/categories?post=59343"},{"taxonomy":"post_tag","embeddable":true,"href":"https:\/\/www.tracea.ch\/en\/wp-json\/wp\/v2\/tags?post=59343"}],"curies":[{"name":"wp","href":"https:\/\/api.w.org\/{rel}","templated":true}]}}