{"id":59347,"date":"2023-03-28T13:09:03","date_gmt":"2023-03-28T11:09:03","guid":{"rendered":"https:\/\/hiver.monvtt.ch\/2022\/01\/28\/location-gps-parcours-vtt-st-cergue\/"},"modified":"2026-08-23T11:22:41","modified_gmt":"2026-08-23T11:22:41","slug":"parcours-vtt-st-cergue","status":"publish","type":"post","link":"https:\/\/www.tracea.ch\/en\/blog\/parcours-vtt-st-cergue\/","title":{"rendered":"Location GPS &#8211; Parcours VTT St Cergue"},"content":{"rendered":"<p>Votre Shop Tracea \u00e0 St Cergue vous propose d\u00e9sormais la location de GPS pour suivre sans stress des parcours pr\u00e9par\u00e9s par nos guides.<\/p>\n<p>Nous vous proposons 5 parcours sp\u00e9cifiques pour le VTT :<\/p>\n<p>FACILE :\u00a0 11 km soit environ 2h<\/p>\n<p>SPORTIF : 18 km, 420 m D+, soit 2 \u00e0 3 h<\/p>\n<p>FACILE : 27 km, 580 m D+, soit 3 \u00e0 4 h<\/p>\n<p>SPORTIF : 33 km, 650 m D+, soit 3 \u00e0 4 h<\/p>\n<p>SPORTIF et TECHNIQUE : 36 km, 800m D+, soit 4 \u00e0 5 h<\/p>\n<p>Les parcours sont visualisables au Shop et la location du GPS vous permettra d&rsquo;explorer sans stress.<\/p>\n<p>Rendez-vous dans l&rsquo;espace Location pour plus d&rsquo;infos :\u00a0<a href=\"https:\/\/guide-vtt.ch\/2023\/05\/10\/location-de-vtt-electriques-en-suisse-romande.html\" target=\"_blank\" rel=\"noopener\">https:\/\/guide-vtt.ch\/location-vtt.html<\/a><\/p>\n<p>\u00a0<\/p>\n<p>\u00a0<\/p>","protected":false},"excerpt":{"rendered":"<p>Votre Shop Tracea \u00e0 St Cergue vous propose d\u00e9sormais la location de GPS pour suivre sans stress des parcours pr\u00e9par\u00e9s par nos guides. Nous vous proposons 5 parcours sp\u00e9cifiques pour le VTT : FACILE :\u00a0 11 km soit environ 2h SPORTIF : 18 km, 420 m D+, soit 2 \u00e0 3 h FACILE : 27 [&hellip;]<\/p>\n","protected":false},"author":1,"featured_media":59495,"comment_status":"open","ping_status":"open","sticky":false,"template":"","format":"standard","meta":{"footnotes":""},"categories":[801],"tags":[808,802,831],"class_list":["post-59347","post","type-post","status-publish","format-standard","has-post-thumbnail","hentry","category-blog","tag-actualites","tag-sorties-excursions","tag-vtt-jura"],"_links":{"self":[{"href":"https:\/\/www.tracea.ch\/en\/wp-json\/wp\/v2\/posts\/59347","targetHints":{"allow":["GET"]}}],"collection":[{"href":"https:\/\/www.tracea.ch\/en\/wp-json\/wp\/v2\/posts"}],"about":[{"href":"https:\/\/www.tracea.ch\/en\/wp-json\/wp\/v2\/types\/post"}],"author":[{"embeddable":true,"href":"https:\/\/www.tracea.ch\/en\/wp-json\/wp\/v2\/users\/1"}],"replies":[{"embeddable":true,"href":"https:\/\/www.tracea.ch\/en\/wp-json\/wp\/v2\/comments?post=59347"}],"version-history":[{"count":1,"href":"https:\/\/www.tracea.ch\/en\/wp-json\/wp\/v2\/posts\/59347\/revisions"}],"predecessor-version":[{"id":60020,"href":"https:\/\/www.tracea.ch\/en\/wp-json\/wp\/v2\/posts\/59347\/revisions\/60020"}],"wp:featuredmedia":[{"embeddable":true,"href":"https:\/\/www.tracea.ch\/en\/wp-json\/wp\/v2\/media\/59495"}],"wp:attachment":[{"href":"https:\/\/www.tracea.ch\/en\/wp-json\/wp\/v2\/media?parent=59347"}],"wp:term":[{"taxonomy":"category","embeddable":true,"href":"https:\/\/www.tracea.ch\/en\/wp-json\/wp\/v2\/categories?post=59347"},{"taxonomy":"post_tag","embeddable":true,"href":"https:\/\/www.tracea.ch\/en\/wp-json\/wp\/v2\/tags?post=59347"}],"curies":[{"name":"wp","href":"https:\/\/api.w.org\/{rel}","templated":true}]}}