{"id":59351,"date":"2021-07-07T10:56:55","date_gmt":"2021-07-07T08:56:55","guid":{"rendered":"https:\/\/hiver.monvtt.ch\/2021\/07\/07\/escale-bien-etre-2\/"},"modified":"2026-08-23T11:22:42","modified_gmt":"2026-08-23T11:22:42","slug":"escale-bien-etre-2","status":"publish","type":"post","link":"https:\/\/www.tracea.ch\/en\/blog\/escale-bien-etre-2\/","title":{"rendered":"Escale bien-\u00eatre \u00e0 St Cergue"},"content":{"rendered":"<p>\u00a0<\/p>\n<p>Le Shop tracea.ch vous propose un package Bien-\u00eatre \u00e0 St Cergue au coeur du Jura Vaudois en s&rsquo;associant avec LazyBearLodge.<\/p>\n<p>Une journ\u00e9e orient\u00e9e sous le signe de la d\u00e9tente et du plaisir, de l&rsquo;effort et du r\u00e9confort.<\/p>\n<p>Apr\u00e8s une agr\u00e9able journ\u00e9e en VTT \u00e9lectrique sur les chemins forestiers du Jura, vous pourrez vous d\u00e9tendre seul ou \u00e0 plusieurs gr\u00e2ce \u00e0 un massage sportif de 30 minutes, id\u00e9al pour la r\u00e9cup\u00e9ration !<\/p>\n<p>\u00a0<\/p>\n<p>\u00a0<\/p>\n<p>En option, vous pourrez \u00e9galement profiter de l&rsquo;espace bien-\u00eatre avec un sauna traditionnel et un bain norv\u00e9gien froid en plein nature, dans un cadre idyllique sur les hauts de St Cergue pour prolonger la journ\u00e9e.<\/p>\n<p>\u00a0<\/p>\n<p><img fetchpriority=\"high\" decoding=\"async\" class=\"size-full wp-image-6182\" src=\"https:\/\/guide-vtt.ch\/wp-content\/uploads\/2021\/07\/tablemassage.jpg\" alt=\"tablemassage\" width=\"700\" height=\"500\"><\/p>\n<p>\u00a0<\/p>\n<p>Gr\u00e2ce \u00e0 ce package choisissez votre journ\u00e9e id\u00e9ale sur St Cergue, choisissez votre date et<span style=\"text-decoration: underline;\"><strong> <a href=\"https:\/\/booking.myrezapp.com\/fr\/online\/booking\/step1\/5112\/43626\" target=\"_blank\" rel=\"noopener\">r\u00e9servez par ici<\/a><\/strong><\/span> !<\/p>\n<p>\u00a0<\/p>","protected":false},"excerpt":{"rendered":"<p>\u00a0 Le Shop tracea.ch vous propose un package Bien-\u00eatre \u00e0 St Cergue au coeur du Jura Vaudois en s&rsquo;associant avec LazyBearLodge. Une journ\u00e9e orient\u00e9e sous le signe de la d\u00e9tente et du plaisir, de l&rsquo;effort et du r\u00e9confort. Apr\u00e8s une agr\u00e9able journ\u00e9e en VTT \u00e9lectrique sur les chemins forestiers du Jura, vous pourrez vous d\u00e9tendre [&hellip;]<\/p>\n","protected":false},"author":1,"featured_media":59498,"comment_status":"open","ping_status":"open","sticky":false,"template":"","format":"standard","meta":{"footnotes":""},"categories":[801],"tags":[808],"class_list":["post-59351","post","type-post","status-publish","format-standard","has-post-thumbnail","hentry","category-blog","tag-actualites"],"_links":{"self":[{"href":"https:\/\/www.tracea.ch\/en\/wp-json\/wp\/v2\/posts\/59351","targetHints":{"allow":["GET"]}}],"collection":[{"href":"https:\/\/www.tracea.ch\/en\/wp-json\/wp\/v2\/posts"}],"about":[{"href":"https:\/\/www.tracea.ch\/en\/wp-json\/wp\/v2\/types\/post"}],"author":[{"embeddable":true,"href":"https:\/\/www.tracea.ch\/en\/wp-json\/wp\/v2\/users\/1"}],"replies":[{"embeddable":true,"href":"https:\/\/www.tracea.ch\/en\/wp-json\/wp\/v2\/comments?post=59351"}],"version-history":[{"count":1,"href":"https:\/\/www.tracea.ch\/en\/wp-json\/wp\/v2\/posts\/59351\/revisions"}],"predecessor-version":[{"id":60037,"href":"https:\/\/www.tracea.ch\/en\/wp-json\/wp\/v2\/posts\/59351\/revisions\/60037"}],"wp:featuredmedia":[{"embeddable":true,"href":"https:\/\/www.tracea.ch\/en\/wp-json\/wp\/v2\/media\/59498"}],"wp:attachment":[{"href":"https:\/\/www.tracea.ch\/en\/wp-json\/wp\/v2\/media?parent=59351"}],"wp:term":[{"taxonomy":"category","embeddable":true,"href":"https:\/\/www.tracea.ch\/en\/wp-json\/wp\/v2\/categories?post=59351"},{"taxonomy":"post_tag","embeddable":true,"href":"https:\/\/www.tracea.ch\/en\/wp-json\/wp\/v2\/tags?post=59351"}],"curies":[{"name":"wp","href":"https:\/\/api.w.org\/{rel}","templated":true}]}}