{"id":59353,"date":"2021-08-05T16:09:42","date_gmt":"2021-08-05T14:09:42","guid":{"rendered":"https:\/\/hiver.monvtt.ch\/2021\/08\/05\/atelier-mecanique-velo-2\/"},"modified":"2021-08-05T16:09:42","modified_gmt":"2021-08-05T14:09:42","slug":"atelier-mecanique-velo-2","status":"publish","type":"post","link":"https:\/\/www.tracea.ch\/en\/blog\/atelier-mecanique-velo-2\/","title":{"rendered":"Atelier m\u00e9canique v\u00e9lo"},"content":{"rendered":"<p>Vous ne savez pas comment prolonger la dur\u00e9e de vie de votre v\u00e9lo, ou \u00eates tout simplement stress\u00e9 par les sorties en cas de panne, de crevaison, etc ?<\/p>\n<p><strong>Gagnez en autonomie<\/strong> pour sortir sans stress, et prendre soin au mieux de votre monture !<\/p>\n<p class=\"_04xlpA direction-ltr align-center para-style-body\"><span class=\"JsGRdQ\">Pour cela, nous vous proposons des <strong>ateliers m\u00e9caniques v\u00e9lo d&rsquo;une demi-journ\u00e9e<\/strong> pendant toute la saison aux c\u00f4t\u00e9s de notre m\u00e9canicien cycle exp\u00e9riment\u00e9.<\/span><\/p>\n<p class=\"_04xlpA direction-ltr align-center para-style-body\"><span class=\"JsGRdQ\">Vous pourrez <strong>mieux conna\u00eetre votre v\u00e9lo<\/strong>, maitriser les <strong>bases en m\u00e9canique<\/strong> and<strong> \u00eatre autonome<\/strong> pour toutes vos prochaines sorties mais aurez \u00e9galement des conseils pour<strong> prolonger la dur\u00e9e de vie de vos pi\u00e8ces<\/strong>.<\/span><\/p>\n<p class=\"_04xlpA direction-ltr align-center para-style-body\"><span class=\"JsGRdQ\">Chaque participant vient avec son v\u00e9lo et pourra b\u00e9n\u00e9ficier de conseils sp\u00e9cifiques li\u00e9s \u00e0 sa monture.<\/span><span class=\"JsGRdQ white-space-prewrap\"> <\/span><\/p>\n<p class=\"_04xlpA direction-ltr align-start para-style-body\"><span class=\"JsGRdQ\"><\/span><\/p>\n<p><span style=\"text-decoration: underline;\"><strong>Dates :<\/strong><\/span> <a href=\"https:\/\/booking.myrezapp.com\/fr\/online\/booking\/step1\/5112\/44506\" target=\"_blank\" rel=\"noopener\">Samedi 21 ao\u00fbt<\/a>, <a href=\"https:\/\/booking.myrezapp.com\/fr\/online\/booking\/step1\/5112\/44529\" target=\"_blank\" rel=\"noopener\">Lundi 30 ao\u00fbt<\/a>&nbsp;de 14h \u00e0 17h<\/p>\n<p>Les ateliers sont limit\u00e9s \u00e0<strong> 5 personnes<\/strong> et sont ouverts aux <strong>adultes<\/strong> et aux <strong>enfants<\/strong> curieux d&rsquo;\u00eatre plus autonomes.<\/p>\n<p>Cours particuliers sur demande<\/p>\n<p>&nbsp;<\/p>\n<p class=\"agenda\"><a href=\"https:\/\/booking.myrezapp.com\/fr\/online\/booking\/minisite\/5112\/monvttch\" target=\"_blank\" rel=\"noopener\" class=\"uk-button uk-button-primary agenda\">INFOS ET R\u00c9SERVATIONS<\/a><\/p>","protected":false},"excerpt":{"rendered":"<p>Vous ne savez pas comment prolonger la dur\u00e9e de vie de votre v\u00e9lo, ou \u00eates tout simplement stress\u00e9 par les sorties en cas de panne, de crevaison, etc ? Gagnez en autonomie pour sortir sans stress, et prendre soin au mieux de votre monture ! Pour cela, nous vous proposons des ateliers m\u00e9caniques v\u00e9lo d&rsquo;une [&hellip;]<\/p>\n","protected":false},"author":1,"featured_media":0,"comment_status":"open","ping_status":"open","sticky":false,"template":"","format":"standard","meta":{"footnotes":""},"categories":[801],"tags":[808],"class_list":["post-59353","post","type-post","status-publish","format-standard","hentry","category-blog","tag-actualites"],"_links":{"self":[{"href":"https:\/\/www.tracea.ch\/en\/wp-json\/wp\/v2\/posts\/59353","targetHints":{"allow":["GET"]}}],"collection":[{"href":"https:\/\/www.tracea.ch\/en\/wp-json\/wp\/v2\/posts"}],"about":[{"href":"https:\/\/www.tracea.ch\/en\/wp-json\/wp\/v2\/types\/post"}],"author":[{"embeddable":true,"href":"https:\/\/www.tracea.ch\/en\/wp-json\/wp\/v2\/users\/1"}],"replies":[{"embeddable":true,"href":"https:\/\/www.tracea.ch\/en\/wp-json\/wp\/v2\/comments?post=59353"}],"version-history":[{"count":0,"href":"https:\/\/www.tracea.ch\/en\/wp-json\/wp\/v2\/posts\/59353\/revisions"}],"wp:attachment":[{"href":"https:\/\/www.tracea.ch\/en\/wp-json\/wp\/v2\/media?parent=59353"}],"wp:term":[{"taxonomy":"category","embeddable":true,"href":"https:\/\/www.tracea.ch\/en\/wp-json\/wp\/v2\/categories?post=59353"},{"taxonomy":"post_tag","embeddable":true,"href":"https:\/\/www.tracea.ch\/en\/wp-json\/wp\/v2\/tags?post=59353"}],"curies":[{"name":"wp","href":"https:\/\/api.w.org\/{rel}","templated":true}]}}