{"id":59357,"date":"2021-08-05T16:09:42","date_gmt":"2021-08-05T14:09:42","guid":{"rendered":"https:\/\/hiver.monvtt.ch\/2021\/08\/05\/partenaires-monvtt\/"},"modified":"2026-08-23T11:22:42","modified_gmt":"2026-08-23T11:22:42","slug":"partenaires-monvtt","status":"publish","type":"post","link":"https:\/\/www.tracea.ch\/en\/blog\/partenaires-monvtt\/","title":{"rendered":"Les Partenaires de tracea.ch"},"content":{"rendered":"<p>Tout au long de notre cr\u00e9ation, nous avons nou\u00e9 d&rsquo;\u00e9troites relations avec plusieurs entreprises, associations et \u00e9tablissements touristiques visant la promotion de la pratique du VTT au sein du Parc Jura Vaudois.<\/p>\n<p>Nous souhaitons les remercier particuli\u00e8rement sur cette page qui leur est d\u00e9di\u00e9e.<\/p>\n<ul>\n<li><span style=\"text-decoration: underline;\"><a href=\"https:\/\/sbsport.ch\/sb-bike\/\" target=\"_blank\" rel=\"noopener\">SB Bike<\/a><\/span> \u00e0 Gland pour sa confiance dans ce projet et la coop\u00e9ration avec ses \u00e9quipes<\/li>\n<li>Le<span style=\"text-decoration: underline;\"><a href=\"https:\/\/vtt-st-cergue.ch\/\" target=\"_blank\" rel=\"noopener\"> Club VTT<\/a><\/span> de St Cergue avec qui nous partageons la passion du VTT<\/li>\n<li>L&rsquo;auberge de la<span style=\"text-decoration: underline;\"> <a href=\"https:\/\/www.laclefdor.ch\/\" target=\"_blank\" rel=\"noopener\">Clef d&rsquo;Or<\/a><\/span> \u00e0 Bursinel pour son int\u00e9r\u00eat et son envie de construire un projet commun avec la <span style=\"text-decoration: underline;\"><a href=\"https:\/\/booking.myrezapp.com\/fr\/online\/booking\/step1\/5112\/43134\" target=\"_blank\" rel=\"noopener\">Rando Gourmande<\/a><\/span><\/li>\n<li>L&rsquo;<a href=\"https:\/\/www.lacote-tourisme.ch\/fr\/P23732\/location-d-e-vtt-a-l-office-du-tourisme-de-st-cergue\" target=\"_blank\" rel=\"noopener\"><span style=\"text-decoration: underline;\">Office de Tourisme de St Cergue<\/span><\/a> qui relaie nos offres tout au long de l&rsquo;ann\u00e9e et offre un point de location de nos VTT<\/li>\n<li>L&rsquo;<a href=\"https:\/\/www.lacote-tourisme.ch\/fr\/P23732\/location-d-e-vtt-a-l-office-du-tourisme-de-st-cergue\" target=\"_blank\" rel=\"noopener\"><span style=\"text-decoration: underline;\">Office de tourisme de Nyon et La C\u00f4te Tourisme<\/span><\/a> pour la communication de notre agenda dans tout le Canton de Vaud<\/li>\n<li><a href=\"https:\/\/www.trouver-un-cours.ch\/sport-mouvement\/sports-plein-air\/cours-de-vtt\/coaching-vtt-enduro-dh-electrique_JpbQsmwE\/\" target=\"_blank\" rel=\"noopener\"><span style=\"text-decoration: underline;\">Trouveruncours.ch<\/span><\/a>, site partenaire o\u00f9 vous pouvez retrouver nos offres de coaching VTT pour les enfants et les adultes<\/li>\n<li><a href=\"https:\/\/ibecx.ch\/partner\/monvtt-guide-saint-cergue\" target=\"_blank\" rel=\"noopener\"><span style=\"text-decoration: underline;\">IBECX.CH<\/span><\/a> qui permet \u00e0 tous d&rsquo;avoir acc\u00e8s \u00e0 des offres privil\u00e9gi\u00e9es de loisirs pour les vacances<\/li>\n<li><a href=\"https:\/\/lazybearlodge.ch\/\" target=\"_blank\" rel=\"noopener\"><span style=\"text-decoration: underline;\">LazyBearLodge<\/span><\/a> and <a href=\"https:\/\/www.the-bodymind.ch\/accueil\" target=\"_blank\" rel=\"noopener\"><span style=\"text-decoration: underline;\">TheBodyMind<\/span><\/a> situ\u00e9s \u00e0 St Cergue pour notre offre<span style=\"text-decoration: underline;\"><a href=\"https:\/\/booking.myrezapp.com\/fr\/online\/booking\/step1\/5112\/43626\" target=\"_blank\" rel=\"noopener\"> Escale bien-\u00eatre<\/a><\/span><\/li>\n<li>La <a href=\"https:\/\/www.nstcm.ch\/\" target=\"_blank\" rel=\"noopener\"><span style=\"text-decoration: underline;\">NStCM <\/span> <\/a>pour la promotion de la mobilit\u00e9 douce gr\u00e2ce \u00e0 l&rsquo;offre <a href=\"https:\/\/www.nstcm.ch\/fr\/N2046\/offre-monvtt.ch.html\" target=\"_blank\" rel=\"noopener\"><span style=\"text-decoration: underline;\">Train+VTTAE<\/span><\/a> du 1er Juillet au 31 Ao\u00fbt 2021<\/li>\n<li><a href=\"https:\/\/swiss-fermetures.ch\/\" target=\"_blank\" rel=\"noopener\"><span style=\"text-decoration: underline;\">SwissFermetures<\/span><\/a> pour le support logistique et son implication dans l&rsquo;ouverture du Shop<\/li>\n<li>La patisserie <a href=\"https:\/\/www.maslanka-patisserie.ch\/\" target=\"_blank\" rel=\"noopener\"><span style=\"text-decoration: underline;\">Maslanka <\/span> <\/a>situ\u00e9e \u00e0 St Cergue et \u00e0 Arzier pour la confection de nos paniers gourmands<\/li>\n<\/ul>\n<p>\u00a0Et bien d&rsquo;autres \u00e0 suivre !<\/p>\n<p>\u00a0<\/p>\n<table>\n<tbody>\n<tr>\n<td>\u00a0<a href=\"https:\/\/www.nstcm.ch\/\" target=\"_blank\" rel=\"noopener\"><\/a><\/td>\n<td>\u00a0<a href=\"https:\/\/lazybearlodge.ch\/\" target=\"_blank\" rel=\"noopener\"><img fetchpriority=\"high\" decoding=\"async\" class=\"size-full wp-image-6196\" src=\"https:\/\/guide-vtt.ch\/wp-content\/uploads\/2021\/08\/logolazybearlodge.PNG\" alt=\"logolazybearlodge\" width=\"293\" height=\"270\" style=\"display: block; margin-left: auto; margin-right: auto;\"><\/a><\/td>\n<\/tr>\n<tr>\n<td>\u00a0<a href=\"https:\/\/ibecx.ch\/partner\/monvtt-guide-saint-cergue\" target=\"_blank\" rel=\"noopener\"><img decoding=\"async\" class=\"size-full wp-image-6197\" src=\"https:\/\/guide-vtt.ch\/wp-content\/uploads\/2021\/08\/logoibecx2.PNG\" alt=\"logoibecx2\" width=\"360\" height=\"227\" style=\"display: block; margin-left: auto; margin-right: auto;\"><\/a><\/td>\n<td>\u00a0<a href=\"https:\/\/www.laclefdor.ch\/\" target=\"_blank\" rel=\"noopener\"><img decoding=\"async\" class=\"size-full wp-image-6198\" src=\"https:\/\/guide-vtt.ch\/wp-content\/uploads\/2021\/08\/logo-retina-la-clef-dor.png\" alt=\"logo retina la clef dor\" width=\"447\" height=\"134\" style=\"display: block; margin-left: auto; margin-right: auto;\"><\/a><\/td>\n<\/tr>\n<tr>\n<td>\u00a0<a href=\"https:\/\/www.lacote-tourisme.ch\/fr\/P23732\/location-d-e-vtt-a-l-office-du-tourisme-de-st-cergue\" target=\"_blank\" rel=\"noopener\"><img loading=\"lazy\" decoding=\"async\" class=\"size-full wp-image-6199\" src=\"https:\/\/guide-vtt.ch\/wp-content\/uploads\/2021\/08\/LaCote_St_Cergue_web_RVB.JPG\" alt=\"LaCote St Cergue web RVB\" width=\"514\" height=\"269\" style=\"display: block; margin-left: auto; margin-right: auto;\"><\/a><\/td>\n<td>\u00a0<a href=\"https:\/\/sbsport.ch\/sb-bike\/\" target=\"_blank\" rel=\"noopener\"><img loading=\"lazy\" decoding=\"async\" class=\"size-full wp-image-6200\" src=\"https:\/\/guide-vtt.ch\/wp-content\/uploads\/2021\/08\/logo_SB_Sport_bike_rvb_3.png\" alt=\"logo SB Sport bike rvb 3\" width=\"443\" height=\"185\" style=\"display: block; margin-left: auto; margin-right: auto;\"><\/a><\/td>\n<\/tr>\n<tr>\n<td>\u00a0<a href=\"https:\/\/vtt-st-cergue.ch\/\" target=\"_blank\" rel=\"noopener\"><img loading=\"lazy\" decoding=\"async\" class=\"size-full wp-image-6124\" src=\"https:\/\/guide-vtt.ch\/wp-content\/uploads\/2018\/12\/LOGO_vtt-saint-cergue.jpg\" alt=\"LOGO vtt saint cergue\" width=\"257\" height=\"257\" style=\"display: block; margin-left: auto; margin-right: auto;\"><\/a><\/td>\n<td>\u00a0<a href=\"https:\/\/www.maslanka-patisserie.ch\/\" target=\"_blank\" rel=\"noopener\"><img loading=\"lazy\" decoding=\"async\" class=\"size-full wp-image-6201\" src=\"https:\/\/guide-vtt.ch\/wp-content\/uploads\/2021\/08\/logomaslanka.PNG\" alt=\"logomaslanka\" width=\"220\" height=\"223\" style=\"display: block; margin-left: auto; margin-right: auto;\"><\/a><\/td>\n<\/tr>\n<tr>\n<td>\n<p>\u00a0<\/p>\n<p><a href=\"https:\/\/swiss-fermetures.ch\/\" target=\"_blank\" rel=\"noopener\"><img loading=\"lazy\" decoding=\"async\" class=\"size-full wp-image-6202\" src=\"https:\/\/guide-vtt.ch\/wp-content\/uploads\/2021\/08\/logo-SwissFermetures-baseline-1.jpg\" alt=\"logo SwissFermetures baseline 1\" width=\"368\" height=\"164\" style=\"display: block; margin-left: auto; margin-right: auto;\"><\/a><\/p>\n<p>\u00a0<\/p>\n<\/td>\n<td><a href=\"https:\/\/www.trouver-un-cours.ch\/sport-mouvement\/sports-plein-air\/cours-de-vtt\/coaching-vtt-enduro-dh-electrique_JpbQsmwE\/\" target=\"_blank\" rel=\"noopener\"><img loading=\"lazy\" decoding=\"async\" class=\"size-full wp-image-6203\" src=\"https:\/\/guide-vtt.ch\/wp-content\/uploads\/2021\/08\/logo_b_trouveruncours_FR.png\" alt=\"logo b trouveruncours FR\" width=\"403\" height=\"121\" style=\"display: block; margin-left: auto; margin-right: auto;\"><\/a><\/td>\n<\/tr>\n<\/tbody>\n<\/table>\n<p>\u00a0<\/p>\n<p>\u00a0<\/p>\n<p>\u00a0<\/p>\n<p class=\"agenda\">\u00a0<\/p>","protected":false},"excerpt":{"rendered":"<p>Tout au long de notre cr\u00e9ation, nous avons nou\u00e9 d&rsquo;\u00e9troites relations avec plusieurs entreprises, associations et \u00e9tablissements touristiques visant la promotion de la pratique du VTT au sein du Parc Jura Vaudois. Nous souhaitons les remercier particuli\u00e8rement sur cette page qui leur est d\u00e9di\u00e9e. SB Bike \u00e0 Gland pour sa confiance dans ce projet et [&hellip;]<\/p>\n","protected":false},"author":1,"featured_media":59500,"comment_status":"open","ping_status":"open","sticky":false,"template":"","format":"standard","meta":{"footnotes":""},"categories":[801],"tags":[808],"class_list":["post-59357","post","type-post","status-publish","format-standard","has-post-thumbnail","hentry","category-blog","tag-actualites"],"_links":{"self":[{"href":"https:\/\/www.tracea.ch\/en\/wp-json\/wp\/v2\/posts\/59357","targetHints":{"allow":["GET"]}}],"collection":[{"href":"https:\/\/www.tracea.ch\/en\/wp-json\/wp\/v2\/posts"}],"about":[{"href":"https:\/\/www.tracea.ch\/en\/wp-json\/wp\/v2\/types\/post"}],"author":[{"embeddable":true,"href":"https:\/\/www.tracea.ch\/en\/wp-json\/wp\/v2\/users\/1"}],"replies":[{"embeddable":true,"href":"https:\/\/www.tracea.ch\/en\/wp-json\/wp\/v2\/comments?post=59357"}],"version-history":[{"count":1,"href":"https:\/\/www.tracea.ch\/en\/wp-json\/wp\/v2\/posts\/59357\/revisions"}],"predecessor-version":[{"id":60035,"href":"https:\/\/www.tracea.ch\/en\/wp-json\/wp\/v2\/posts\/59357\/revisions\/60035"}],"wp:featuredmedia":[{"embeddable":true,"href":"https:\/\/www.tracea.ch\/en\/wp-json\/wp\/v2\/media\/59500"}],"wp:attachment":[{"href":"https:\/\/www.tracea.ch\/en\/wp-json\/wp\/v2\/media?parent=59357"}],"wp:term":[{"taxonomy":"category","embeddable":true,"href":"https:\/\/www.tracea.ch\/en\/wp-json\/wp\/v2\/categories?post=59357"},{"taxonomy":"post_tag","embeddable":true,"href":"https:\/\/www.tracea.ch\/en\/wp-json\/wp\/v2\/tags?post=59357"}],"curies":[{"name":"wp","href":"https:\/\/api.w.org\/{rel}","templated":true}]}}