{"id":59365,"date":"2021-12-10T08:29:13","date_gmt":"2021-12-10T07:29:13","guid":{"rendered":"https:\/\/hiver.monvtt.ch\/2021\/12\/10\/raquettes-a-neige-au-clair-de-lune-st-cergue-suisse-2\/"},"modified":"2021-12-10T08:29:13","modified_gmt":"2021-12-10T07:29:13","slug":"raquettes-a-neige-au-clair-de-lune-st-cergue-suisse-2","status":"publish","type":"post","link":"https:\/\/www.tracea.ch\/en\/blog\/raquettes-a-neige-au-clair-de-lune-st-cergue-suisse-2\/","title":{"rendered":"D\u00e9couverte et initiation \u00e0 la raquette \u00e0 neige &#8211; St-Cergue (Suisse)"},"content":{"rendered":"<p>Vous avez toujours voulu faire de la raquette mais vous n&rsquo;y connaissez rien ? Vous cherchez une occasion d&rsquo;enfiler des raquettes pour la premi\u00e8re fois ? Cette journ\u00e9e est pour vous !<\/p>\n<p>Nous vous proposons une journ\u00e9e d&rsquo;initiation \u00e0 la raquette. Nous commencerons par une petite partie th\u00e9orique sur le mat\u00e9riel et les points importants lors de la pr\u00e9paration d&rsquo;une randonn\u00e9e. Ensuite nous effectuerons une randonn\u00e9e facile dans le jura vaudois.<\/p>\n<p>Le lieu de la randonn\u00e9e d\u00e9pendra des conditions d&rsquo;enneigement. Il se situera dans la r\u00e9gion de St Cergue. Le point et l&rsquo;heure de rendez-vous sera transmise quelques jours \u00e0 l&rsquo;avance.<\/p>\n<p>&nbsp;<\/p>\n<p>Dates :<br \/>Dimanche 22 janvier 09h00<br \/>Dimanche 19 f\u00e9vrier 09h00<br \/>Dimanche 12 mars 09h00<\/p>\n<p><a href=\"https:\/\/booking.myrezapp.com\/fr\/online\/booking\/step1\/5112\/49016\" target=\"_blank\" rel=\"noopener\" class=\"uk-button uk-button-primary agenda\">INFOS ET R\u00c9SERVATIONS<\/a><\/p>","protected":false},"excerpt":{"rendered":"<p>Vous avez toujours voulu faire de la raquette mais vous n&rsquo;y connaissez rien ? Vous cherchez une occasion d&rsquo;enfiler des raquettes pour la premi\u00e8re fois ? Cette journ\u00e9e est pour vous ! Nous vous proposons une journ\u00e9e d&rsquo;initiation \u00e0 la raquette. Nous commencerons par une petite partie th\u00e9orique sur le mat\u00e9riel et les points importants [&hellip;]<\/p>\n","protected":false},"author":1,"featured_media":0,"comment_status":"open","ping_status":"open","sticky":false,"template":"","format":"standard","meta":{"footnotes":""},"categories":[801],"tags":[809],"class_list":["post-59365","post","type-post","status-publish","format-standard","hentry","category-blog","tag-evenements"],"_links":{"self":[{"href":"https:\/\/www.tracea.ch\/en\/wp-json\/wp\/v2\/posts\/59365","targetHints":{"allow":["GET"]}}],"collection":[{"href":"https:\/\/www.tracea.ch\/en\/wp-json\/wp\/v2\/posts"}],"about":[{"href":"https:\/\/www.tracea.ch\/en\/wp-json\/wp\/v2\/types\/post"}],"author":[{"embeddable":true,"href":"https:\/\/www.tracea.ch\/en\/wp-json\/wp\/v2\/users\/1"}],"replies":[{"embeddable":true,"href":"https:\/\/www.tracea.ch\/en\/wp-json\/wp\/v2\/comments?post=59365"}],"version-history":[{"count":0,"href":"https:\/\/www.tracea.ch\/en\/wp-json\/wp\/v2\/posts\/59365\/revisions"}],"wp:attachment":[{"href":"https:\/\/www.tracea.ch\/en\/wp-json\/wp\/v2\/media?parent=59365"}],"wp:term":[{"taxonomy":"category","embeddable":true,"href":"https:\/\/www.tracea.ch\/en\/wp-json\/wp\/v2\/categories?post=59365"},{"taxonomy":"post_tag","embeddable":true,"href":"https:\/\/www.tracea.ch\/en\/wp-json\/wp\/v2\/tags?post=59365"}],"curies":[{"name":"wp","href":"https:\/\/api.w.org\/{rel}","templated":true}]}}