{"id":59367,"date":"2022-01-23T17:26:25","date_gmt":"2022-01-23T16:26:25","guid":{"rendered":"https:\/\/hiver.monvtt.ch\/2022\/01\/23\/comment-choisir-sa-paire-de-raquette-a-neige\/"},"modified":"2026-08-25T19:42:26","modified_gmt":"2026-08-25T19:42:26","slug":"comment-choisir-sa-paire-de-raquette-a-neige","status":"publish","type":"post","link":"https:\/\/www.tracea.ch\/en\/blog\/comment-choisir-sa-paire-de-raquette-a-neige\/","title":{"rendered":"Comment choisir sa paire de raquette \u00e0 neige ?"},"content":{"rendered":"<h3>\u00a0La taille, l&rsquo;accroche, la gamme, notre s\u00e9lection&#8230; On vous dit tout sur la raquette<\/h3>\n<p>L\u2019assistant \u00e0 la marche dans la neige qu\u2019est la raquette a bien chang\u00e9 depuis que cet outil jadis utilitaire est devenu loisir au succ\u00e8s ascendant. Les mod\u00e8les sont perfectionn\u00e9s et rendus plus confortables gr\u00e2ce \u00e0 l\u2019innovation. Pour comprendre comment choisir ses raquettes, Outlines a mis le cap sur Annecy pour rendre visite au pionnier et leader mondial de la raquette \u00e0 neige, TSL, le fabricant haut-savoyard.<\/p>\n<p>Ce qu\u2019il faut savoir pour bien choisir sa raquette <br \/>Une raquette \u00e0 neige se compose d\u2019un ch\u00e2ssis appel\u00e9 aussi tamis pour la portance, de crampons (ou griffes) et pointes pour l\u2019accroche, d\u2019une fixation et d\u2019une cale de mont\u00e9e. Il existe des tamis plus ou moins sophistiqu\u00e9s, idem pour les fixations. TSL compte par exemple une trentaine de mod\u00e8les diff\u00e9rents de fixations. Toutes sont compatibles avec les diff\u00e9rents tamis, une quinzaine, chez la marque fran\u00e7aise. Soit plus d\u2019une centaine de combinaisons possibles ! Avec des prix allant de moins de 100 CHF \u00e0 plus de 300 CHF, le choix d\u00e9pendra de l\u2019usage et de la fr\u00e9quence d\u2019utilisation.<\/p>\n<p>\u00a0<\/p>\n<h4>Pour quelle taille de ch\u00e2ssis opter ?<\/h4>\n<p>Une personne corpulente aura besoin de plus de portance donc d\u2019un plus grand ch\u00e2ssis qu\u2019une personne l\u00e9g\u00e8re. Choisir sa taille de <a href=\"index.php?option=com_vikrentitems&amp;view=itemslist&amp;category_id=5&amp;sortby=name&amp;sorttype=asc&amp;reslim=20&amp;Itemid=359\">raquette \u00e0 neige<\/a> se fait donc plut\u00f4t en fonction de son poids que de la taille de sa foul\u00e9e. \u00ab En Europe du sud, on a des neiges qui compactent vite ; dans les Alpes, on choisira des raquettes un peu plus petites que si on \u00e9volue en Scandinavie ou en Am\u00e9rique du nord \u00bb, pr\u00e9cise Yoan Bibollet, ing\u00e9nieur responsable du bureau d\u2019\u00e9tude chez TSL. \u00ab C\u2019est pourquoi TSL d\u00e9cline ses tamis rigides en deux tailles et ses tamis souples en trois tailles. \u00bb Comme on \u00e9volue avec un sac \u00e0 dos en raquettes, pensez \u00e0 rajouter environ 10 kg, \u00e0 votre poids pour le choix de la taille de tamis. Et il existe bien s\u00fbr des raquettes pour enfants.<\/p>\n<h4><img fetchpriority=\"high\" decoding=\"async\" class=\"alignleft size-full wp-image-6223\" src=\"https:\/\/guide-vtt.ch\/wp-content\/uploads\/2022\/01\/Monvtt_-_Location_raquettes_Vaud_5.png\" alt=\"Monvtt Location raquettes Vaud 5\" width=\"400\" height=\"284\" style=\"margin: 5px; float: left;\">L\u2019accroche, \u00e7a compte ?<\/h4>\n<p>On n\u2019aura pas besoin d\u2019une grosse accroche pour pratiquer la raquette sur des sites nordiques avec un faible d\u00e9nivel\u00e9 ou dans des r\u00e9gions vallonn\u00e9es comme le Jura. En revanche, il en faudra pour s\u2019attaquer \u00e0 des terrains plus alpins et pentus. L\u2019accroche est donc un crit\u00e8re \u00e0 ne pas n\u00e9gliger selon l\u2019univers dans lequel on compte \u00e9voluer. Ce sont les crampons et les ar\u00eates lat\u00e9rales du ch\u00e2ssis qui procurent de l\u2019accroche. \u00ab Un produit technique milieu de gamme b\u00e9n\u00e9ficie d\u2019une accroche 3D, c\u2019est-\u00e0-dire que la structure de la raquette est faite par des parois inclin\u00e9es qui permettent d\u2019avoir deux niveaux d\u2019accroche avec deux niveaux d\u2019ar\u00eates lat\u00e9rales pour une meilleure efficacit\u00e9 dans les d\u00e9vers. Une raquette avec un seul niveau d\u2019accroche sera un peu moins efficace dans les d\u00e9vers. D\u2019autre part, certains mod\u00e8les tops de gamme sont dot\u00e9s de grips lat\u00e9raux comme des lames de scie, c\u2019est le cas de la Highlander chez TSL. D\u2019autres ont des crampons type crampons d\u2019alpinisme, comme les Symbioz, pour grimper au plafond ! \u00bb<\/p>\n<p>\u00a0<\/p>\n<h4>\u00a0Comment s\u2019op\u00e8re la mont\u00e9e en gamme et quel niveau de gamme pour quelle pratique ?<img decoding=\"async\" class=\"alignright size-full wp-image-6210\" src=\"https:\/\/guide-vtt.ch\/wp-content\/uploads\/2021\/11\/Monvtt_-_Location_raquettes_Vaud_2.png\" alt=\"Monvtt Location raquettes Vaud 2\" width=\"400\" height=\"284\" style=\"margin: 5px; float: right;\"><\/h4>\n<p>La mont\u00e9e en gamme se fait sur deux crit\u00e8res : le tamis (rigide ou souple) et la fixation. Le tamis rigide est g\u00e9n\u00e9ralement mont\u00e9 avec une fixation \u00e0 plaque pour les produits d\u2019entr\u00e9e de gamme. Un ensemble rigide sous le pied qui conviendra \u00e0 une pratique occasionnelle sur de faibles d\u00e9nivel\u00e9s. Le tamis flexible, concept Hyperflex brevet\u00e9 par TSL en 2013 que le fabricant reste le seul \u00e0 produire. Il fait une grande diff\u00e9rence en accompagnant la foul\u00e9e gr\u00e2ce au d\u00e9roul\u00e9 pour un confort de marche rest\u00e9 in\u00e9gal\u00e9. Ce type de tamis est mont\u00e9 avec des fixations t\u00e9lescopiques flexibles elles-aussi. La cale de mont\u00e9e embarqu\u00e9e sur le talon procure un appui optimum, avec un angle de calage de 12\u00b0.<\/p>\n<p>La diff\u00e9renciation des niveaux de gamme se fait \u00e9galement avec les fixations, certaines seront plus techniques que d\u2019autres, plus faciles \u00e0 mettre en place, \u00e0 serrer, \u00e0 ajuster, plus confortables avec des straps en textile ou en bi-mati\u00e8re. L\u2019int\u00e9gration du syst\u00e8me de serrage Boa pour un serrage plus pr\u00e9cis est une belle avanc\u00e9e pour les fixations. Quant au syst\u00e8me Step-in, exclusif \u00e0 TSL, il est tr\u00e8s pris\u00e9 des accompagnateurs de montagne pour sa l\u00e9g\u00e8ret\u00e9, son confort de marche sans \u00e9quivalent et sa faible compacit\u00e9.<\/p>\n<p>\u00a0<\/p>\n<p>\u2603\ufe0f\u26f7?<a href=\"index.php?option=com_vikrentitems&amp;view=itemslist&amp;category_id=5&amp;sortby=name&amp;sorttype=asc&amp;reslim=20&amp;Itemid=359\">Snowshoe hire<\/a><br \/>Pour d\u00e9couvrir une nature paisible offrant un magnifique panorama sur les chaines de montagne des Alpes, en passant par des p\u00e2turages et for\u00eats. R\u00e9servation en ligne et dans notre magasin, selon les conditions d&rsquo;enneigement.<\/p>\n<p>Tracea, Route d&rsquo;Arzier 16 &#8211; 1264 St-Cergue<\/p>\n<p>022 559 30 09 \/ <a href=\"mailto:shop@tracea.ch\">shop@tracea.ch<\/a><br \/>#Traceahiver #nyonregiontourisme #winter #raquettesaneige #luge #stcergue<\/p>","protected":false},"excerpt":{"rendered":"<p>\u00a0La taille, l&rsquo;accroche, la gamme, notre s\u00e9lection&#8230; On vous dit tout sur la raquette L\u2019assistant \u00e0 la marche dans la neige qu\u2019est la raquette a bien chang\u00e9 depuis que cet outil jadis utilitaire est devenu loisir au succ\u00e8s ascendant. Les mod\u00e8les sont perfectionn\u00e9s et rendus plus confortables gr\u00e2ce \u00e0 l\u2019innovation. Pour comprendre comment choisir ses [&hellip;]<\/p>\n","protected":false},"author":1,"featured_media":59544,"comment_status":"open","ping_status":"open","sticky":false,"template":"","format":"standard","meta":{"footnotes":""},"categories":[801],"tags":[808],"class_list":["post-59367","post","type-post","status-publish","format-standard","has-post-thumbnail","hentry","category-blog","tag-actualites"],"_links":{"self":[{"href":"https:\/\/www.tracea.ch\/en\/wp-json\/wp\/v2\/posts\/59367","targetHints":{"allow":["GET"]}}],"collection":[{"href":"https:\/\/www.tracea.ch\/en\/wp-json\/wp\/v2\/posts"}],"about":[{"href":"https:\/\/www.tracea.ch\/en\/wp-json\/wp\/v2\/types\/post"}],"author":[{"embeddable":true,"href":"https:\/\/www.tracea.ch\/en\/wp-json\/wp\/v2\/users\/1"}],"replies":[{"embeddable":true,"href":"https:\/\/www.tracea.ch\/en\/wp-json\/wp\/v2\/comments?post=59367"}],"version-history":[{"count":2,"href":"https:\/\/www.tracea.ch\/en\/wp-json\/wp\/v2\/posts\/59367\/revisions"}],"predecessor-version":[{"id":60146,"href":"https:\/\/www.tracea.ch\/en\/wp-json\/wp\/v2\/posts\/59367\/revisions\/60146"}],"wp:featuredmedia":[{"embeddable":true,"href":"https:\/\/www.tracea.ch\/en\/wp-json\/wp\/v2\/media\/59544"}],"wp:attachment":[{"href":"https:\/\/www.tracea.ch\/en\/wp-json\/wp\/v2\/media?parent=59367"}],"wp:term":[{"taxonomy":"category","embeddable":true,"href":"https:\/\/www.tracea.ch\/en\/wp-json\/wp\/v2\/categories?post=59367"},{"taxonomy":"post_tag","embeddable":true,"href":"https:\/\/www.tracea.ch\/en\/wp-json\/wp\/v2\/tags?post=59367"}],"curies":[{"name":"wp","href":"https:\/\/api.w.org\/{rel}","templated":true}]}}