{"id":59370,"date":"2022-05-18T10:55:04","date_gmt":"2022-05-18T08:55:04","guid":{"rendered":"https:\/\/hiver.monvtt.ch\/2022\/05\/18\/sorties-et-excursions-vtt-agenda-2022\/"},"modified":"2026-08-23T11:22:42","modified_gmt":"2026-08-23T11:22:42","slug":"sorties-et-excursions-vtt-agenda-2022","status":"publish","type":"post","link":"https:\/\/www.tracea.ch\/en\/blog\/sorties-et-excursions-vtt-agenda-2022\/","title":{"rendered":"Sorties et excursions VTT &#8211; Agenda 2022"},"content":{"rendered":"<p>En 2022, tracea.ch vous propose un programme vari\u00e9, des sorties VTT adapt\u00e9es \u00e0 votre niveau et \u00e0 vos envies. Nous partagerons plus qu&rsquo;une sortie de VTT et d\u00e9couvrirons la montagne du Jura \u00e0 travers ses singles : en solo, en famille ou entre amis, pour quelques heures ou pour une sortie \u00e0 la journ\u00e9e, sur les pistes les plus sauvages et les moins fr\u00e9quent\u00e9es du canton\u2026 A vos agendas !\u00a0<\/p>\n<p>\u00a0<\/p>\n<h3 class=\"tm-title uk-margin uk-margin-remove-adjacent uk-h3 uk-heading-bullet\"><a href=\"https:\/\/guide-vtt.ch\/?p=6191\" target=\"_blank\" rel=\"noopener\">Atelier m\u00e9canique v\u00e9lo D\u00e9butant<\/a><\/h3>\n<div class=\"tm-content uk-margin\">\n<h3>Samedi 4 Juin \u2013 14h00\u00a0<\/h3>\n<p class=\"kvgmc6g5 cxmmr5t8 oygrvhab hcukyx3x c1et5uql\">Vous ne savez pas comment prolonger la dur\u00e9e de vie de votre v\u00e9lo, ou \u00eates tout simplement stress\u00e9 par les sorties en cas de panne, de crevaison, etc ?<\/p>\n<p class=\"o9v6fnle cxmmr5t8 oygrvhab hcukyx3x c1et5uql\">Gagnez en autonomie pour sortir sans stress, et prendre soin au mieux de votre monture !<\/p>\n<p class=\"o9v6fnle cxmmr5t8 oygrvhab hcukyx3x c1et5uql\">Pour cela, nous vous proposons des ateliers m\u00e9caniques v\u00e9lo d&rsquo;une demi-journ\u00e9e pendant toute la saison aux c\u00f4t\u00e9s de notre m\u00e9canicien cycle exp\u00e9riment\u00e9 (outillage de base et produits d&rsquo;entretien inclus).<\/p>\n<p class=\"o9v6fnle cxmmr5t8 oygrvhab hcukyx3x c1et5uql\">Vous pourrez mieux conna\u00eetre votre v\u00e9lo, maitriser les bases en m\u00e9canique et \u00eatre autonome pour toutes vos prochaines sorties mais aurez \u00e9galement des conseils pour prolonger la dur\u00e9e de vie de vos pi\u00e8ces.<\/p>\n<p class=\"o9v6fnle cxmmr5t8 oygrvhab hcukyx3x c1et5uql\">Chaque participant vient avec son v\u00e9lo et pourra b\u00e9n\u00e9ficier de conseils sp\u00e9cifiques li\u00e9s \u00e0 sa monture.<\/p>\n<\/div>\n<p>\u00a0<\/p>\n<p>\u00a0<\/p>\n<p>\u00a0<\/p>\n<h3 class=\"tm-title uk-margin uk-margin-remove-adjacent uk-h3 uk-heading-bullet\"><img fetchpriority=\"high\" decoding=\"async\" class=\"alignright size-full wp-image-6229\" src=\"https:\/\/guide-vtt.ch\/wp-content\/uploads\/2022\/05\/Enduro_-_641x579_px.png\" alt=\"Enduro 641x579 px\" width=\"550\" height=\"497\" style=\"margin: 10px; float: right;\">\u00a0<a href=\"https:\/\/guide-vtt.ch\/?p=6193\" target=\"_blank\" rel=\"noopener\">Journ\u00e9e Enduro Shuttle<\/a><\/h3>\n<div class=\"tm-content uk-margin\">\n<h3>Samedi 18 Juin \u2013 8h30\u00a0<\/h3>\n<p class=\"kvgmc6g5 cxmmr5t8 oygrvhab hcukyx3x c1et5uql\">Sortie enduro \u00e0 la travers le massif du Jura. La formule \u00ab\u00a0Shuttle\u00a0\u00bb permet de d\u00e9couvrir la r\u00e9gion \u00e0 travers des trails engag\u00e9s et typiques.<\/p>\n<p class=\"kvgmc6g5 cxmmr5t8 oygrvhab hcukyx3x c1et5uql\">Cette excursion est propos\u00e9 \u00e0 la journ\u00e9e, ce qui permet de parcourir de 2000 \u00e0 3000 m\u00e8tres de d\u00e9nivel\u00e9 n\u00e9gatif en fonction de vos envies et de votre condition !<\/p>\n<p>\u00a0Feuilles mortes, pierrier, racines ou large piste, la r\u00e9gion regorge de singles vari\u00e9s et sympas. Laissez-moi vous guidez \u00e0 travers le Jura Vaudois !<\/p>\n<p class=\"kvgmc6g5 cxmmr5t8 oygrvhab hcukyx3x c1et5uql\">Les remont\u00e9e se font bien confortablement dans notre van tracea.ch.<\/p>\n<p class=\"kvgmc6g5 cxmmr5t8 oygrvhab hcukyx3x c1et5uql\">Le tarif inclus l&rsquo;utilisation du van et le transport des v\u00e9los.<\/p>\n<p class=\"kvgmc6g5 cxmmr5t8 oygrvhab hcukyx3x c1et5uql\">Repas du midi : Resto ou casse-cro\u00fbte (\u00e0 discuter ensemble)<\/p>\n<div>Possibilit\u00e9 de souper, nuit\u00e9e et PDJ en auberge \u00e0 St Cergue.\u00a0\u00a0\u00a0<\/div>\n<div>\u00a0<\/div>\n<div>\u00a0<\/div>\n<div>\u00a0<\/div>\n<div>\u00a0<\/div>\n<div>\u00a0<\/div>\n<div>\u00a0<\/div>\n<div>\n<h3 class=\"tm-title uk-margin uk-margin-remove-adjacent uk-h3 uk-heading-bullet\"><img decoding=\"async\" class=\"alignleft size-full wp-image-6230\" src=\"https:\/\/guide-vtt.ch\/wp-content\/uploads\/2022\/05\/Raclette_-641x579_px.png\" alt=\"Raclette 641x579 px\" width=\"550\" height=\"497\" style=\"margin: 10px; float: left;\">\u00a0<\/h3>\n<h3 class=\"tm-title uk-margin uk-margin-remove-adjacent uk-h3 uk-heading-bullet\"><a href=\"https:\/\/guide-vtt.ch\/?p=6147\" target=\"_blank\" rel=\"noopener\">Journ\u00e9e \u00ab\u00a0Rando-Raclette\u00a0\u00bb<\/a><\/h3>\n<p>\u00a0<\/p>\n<div class=\"tm-content uk-margin\">\n<h3>Date \u00e0 convenir \u2013 10h00\u00a0<\/h3>\n<p>La sortie commence par l&rsquo;apprentissage de quelques exercices destin\u00e9s \u00e0 vous faire d\u00e9couvrir les bases du VTT \u00e9lectrique.<\/p>\n<p>Apr\u00e8s cette d\u00e9couverte nous partirons d\u00e9couvrir la r\u00e9gion \u00e0 travers une petite ballade de quelques kilom\u00e8tres. Si la m\u00e9t\u00e9o est favorable vous profiterez d&rsquo;une superbe vue sur le lac L\u00e9man, la cha\u00eene des Alpes et le majestueux Mont-Blanc !<\/p>\n<p>La pause de midi se fera autour du four \u00e0 raclette transport\u00e9 \u00e0 dos de cycliste !<\/p>\n<p>Cette session est destin\u00e9e \u00e0 tout public d\u00e9sireux de passer un moment convivial, entres amis ou en famille.<\/p>\n<p>\u00a0<\/p>\n<p>\u00a0<\/p>\n<p>\u00a0<\/p>\n<p>\u00a0<\/p>\n<p>\u00a0<\/p>\n<h3 class=\"tm-title uk-margin uk-margin-remove-adjacent uk-h3 uk-heading-bullet\">\u00a0<img decoding=\"async\" class=\"alignright size-full wp-image-6231\" src=\"https:\/\/guide-vtt.ch\/wp-content\/uploads\/2022\/05\/Agenda_Stage_641x579.png\" alt=\"Agenda Stage 641x579\" width=\"550\" height=\"497\" style=\"margin: 10px; float: right;\"><a href=\"https:\/\/guide-vtt.ch\/?p=6172\" target=\"_blank\" rel=\"noopener\">Stage enduro VTT &#8211; D\u00e8s 14 ans<\/a><\/h3>\n<div class=\"tm-content uk-margin\">\n<h3>Du mecredi 6 au vendredi 8 juillet \u2013 9h00\u00a0<\/h3>\n<p>Attention, \u00e7a va envoyer du gros ! Dans les starting blocks pour un s\u00e9jour de 3 jours de VTT Enduro&#8230;<br \/>Oui, oui, le bonheur existe : un stage VTT Enduro sur les plus beaux singletracks du Jura. Un espace montagneux truff\u00e9 de traces, grandes pentes vertes, passages en sous-bois ludiques&#8230;<br \/>Ce stage est id\u00e9al pour toute personne qui veut progresser techniquement, profiter de paysages de r\u00eave et passer du bon temps.<br \/>Il est n\u00e9cessaire de disposer de certaines bases techniques et physique pour participer \u00e0 ce camp.<\/p>\n<p>D\u00e9placements sur quelques spots d\u00e9di\u00e9s \u00e0 l&rsquo;enduro sont au programme (Crozet, Lelex, Mont Poupet&#8230;) &#8211; Transports inclus, forfaits remont\u00e9es en suppl\u00e9ment<br \/>Un v\u00e9lo enduro tout suspendu en parfait \u00e9tat est tr\u00e8s fortement conseill\u00e9.\u00a0<\/p>\n<ul>\n<li>Le stage sera assur\u00e9 d\u00e8s l&rsquo;inscription de 5 personnes.<\/li>\n<li>Dur\u00e9e : 3 jours (de 9h00 \u00e0 17h00)\u00a0<\/li>\n<li>Mat\u00e9riel (non fourni) : VTT en parfait \u00e9tat, casques, gants, lunettes, genouill\u00e8res, coudi\u00e8res, dorsales, chambre \u00e0 air<\/li>\n<li>Possibilit\u00e9 de location (nous contacter)\u00a0\u00a0<\/li>\n<\/ul>\n<\/div>\n<\/div>\n<\/div>\n<div>\u00a0<\/div>\n<div>\u00a0<\/div>\n<div>\u00a0<\/div>\n<div>\u00a0<\/div>\n<div><a href=\"https:\/\/booking.myrezapp.com\/fr\/online\/booking\/step1\/5112\/38728\" target=\"_blank\" rel=\"noopener\"><img loading=\"lazy\" decoding=\"async\" class=\"alignleft size-full wp-image-6232\" src=\"https:\/\/guide-vtt.ch\/wp-content\/uploads\/2022\/05\/Agenda_Camps_VTT_641x579-_.png\" alt=\"Agenda Camps VTT 641x579 \" width=\"550\" height=\"497\" style=\"margin: 10px; float: left;\"><\/a><\/div>\n<div>\n<h3 class=\"tm-title uk-margin uk-margin-remove-adjacent uk-h3 uk-heading-bullet\">\u00a0<a href=\"https:\/\/guide-vtt.ch\/?p=6151\" target=\"_blank\" rel=\"noopener\">Camps VTT &#8211; de 11 \u00e0 16 ans<\/a><\/h3>\n<div class=\"tm-content uk-margin\">\n<h3>Du 12 au 15 juillet 2022 &#8211; Sans h\u00e9bergement<\/h3>\n<p>St-Cergue est un site privil\u00e9gi\u00e9 pour la d\u00e9couverte et le perfectionnement VTT.\u00a0 Encadr\u00e9s par des moniteurs dipom\u00e9s (Swiss Cycling ou Jeunesse et Sport), c\u2019est dans un souci de s\u00e9curit\u00e9 maximale que nos jeunes cyclistes avaleront des sentiers adapt\u00e9s \u00e0 leur niveau avec casques et protections. Pendant les quatre jours du camp, les enfants ou adolescents profiteront au maximum des multiples exercices techniques, jeux, randonn\u00e9es et autres chasses au tr\u00e9sor. Chaque groupe est emmen\u00e9 par au moins 1 moniteur certifi\u00e9 Jeunesse et Sport.\u00a0<\/p>\n<p>Ce camps est ouvert \u00e0 deux groupes de niveau :\u00a0 d\u00e9butants et confirm\u00e9s. La r\u00e9partition se fera au cours de la premi\u00e8re journ\u00e9e.<\/p>\n<ul>\n<li>Le stage sera assur\u00e9 d\u00e8s l&rsquo;inscription de 5 personnes.<\/li>\n<li>Dur\u00e9e : 4 jours (de 13h30 \u00e0 17h00)\u00a0<\/li>\n<li>Mat\u00e9riel (non fourni) : VTT en parfait \u00e9tat, casques, gants, lunettes, chambre \u00e0 air<\/li>\n<li>Possibilit\u00e9 de location (nous contacter)\u00a0\u00a0<\/li>\n<\/ul>\n<\/div>\n<\/div>\n<div>\u00a0<\/div>\n<div>\u00a0<\/div>\n<\/div>","protected":false},"excerpt":{"rendered":"<p>En 2022, tracea.ch vous propose un programme vari\u00e9, des sorties VTT adapt\u00e9es \u00e0 votre niveau et \u00e0 vos envies. Nous partagerons plus qu&rsquo;une sortie de VTT et d\u00e9couvrirons la montagne du Jura \u00e0 travers ses singles : en solo, en famille ou entre amis, pour quelques heures ou pour une sortie \u00e0 la journ\u00e9e, sur [&hellip;]<\/p>\n","protected":false},"author":1,"featured_media":59548,"comment_status":"open","ping_status":"open","sticky":false,"template":"","format":"standard","meta":{"footnotes":""},"categories":[801],"tags":[808],"class_list":["post-59370","post","type-post","status-publish","format-standard","has-post-thumbnail","hentry","category-blog","tag-actualites"],"_links":{"self":[{"href":"https:\/\/www.tracea.ch\/en\/wp-json\/wp\/v2\/posts\/59370","targetHints":{"allow":["GET"]}}],"collection":[{"href":"https:\/\/www.tracea.ch\/en\/wp-json\/wp\/v2\/posts"}],"about":[{"href":"https:\/\/www.tracea.ch\/en\/wp-json\/wp\/v2\/types\/post"}],"author":[{"embeddable":true,"href":"https:\/\/www.tracea.ch\/en\/wp-json\/wp\/v2\/users\/1"}],"replies":[{"embeddable":true,"href":"https:\/\/www.tracea.ch\/en\/wp-json\/wp\/v2\/comments?post=59370"}],"version-history":[{"count":1,"href":"https:\/\/www.tracea.ch\/en\/wp-json\/wp\/v2\/posts\/59370\/revisions"}],"predecessor-version":[{"id":60030,"href":"https:\/\/www.tracea.ch\/en\/wp-json\/wp\/v2\/posts\/59370\/revisions\/60030"}],"wp:featuredmedia":[{"embeddable":true,"href":"https:\/\/www.tracea.ch\/en\/wp-json\/wp\/v2\/media\/59548"}],"wp:attachment":[{"href":"https:\/\/www.tracea.ch\/en\/wp-json\/wp\/v2\/media?parent=59370"}],"wp:term":[{"taxonomy":"category","embeddable":true,"href":"https:\/\/www.tracea.ch\/en\/wp-json\/wp\/v2\/categories?post=59370"},{"taxonomy":"post_tag","embeddable":true,"href":"https:\/\/www.tracea.ch\/en\/wp-json\/wp\/v2\/tags?post=59370"}],"curies":[{"name":"wp","href":"https:\/\/api.w.org\/{rel}","templated":true}]}}