{"id":59372,"date":"2022-08-07T14:49:17","date_gmt":"2022-08-07T12:49:17","guid":{"rendered":"https:\/\/hiver.monvtt.ch\/2022\/08\/07\/sortie-vtt-rando-raclette\/"},"modified":"2026-08-23T11:22:41","modified_gmt":"2026-08-23T11:22:41","slug":"sortie-vtt-rando-raclette","status":"publish","type":"post","link":"https:\/\/www.tracea.ch\/en\/blog\/sortie-vtt-rando-raclette\/","title":{"rendered":"Sortie VTT Rando Raclette"},"content":{"rendered":"<p>Bravo \u00e0 notre guide Alex qui organisait cette semaine sa premi\u00e8re \u00ab\u00a0Rando-Raclette Tracea\u00a0\u00bb ! A lire l&rsquo;avis laiss\u00e9 par notre client, on dirait que c&rsquo;\u00e9tait parfait ?<br \/>\u00ab\u00a0Tr\u00e8s jolie balade adapt\u00e9e \u00e0 la capacit\u00e9 du groupe avec une excellente raclette \u00e0 midi et merci Alex pour ton excellent boulot et bonne humeur. Pascal\u00a0\u00bb<br \/>Envie d&rsquo;une sortie en groupe \u00e0 la journ\u00e9e ? N&rsquo;h\u00e9sitez pas \u00e0 nous contacter, nous vous proposerons un programme sur mesure et adapt\u00e9 \u00e0 vos envies ?<\/p>\n<p>\u00a0<\/p>\n<p>#Tracea #stcergue #mtbswisscycling #nyon #lovemtb #loveswitzerland #parcjuravaudois #nyontourisme #naturelove<\/p>","protected":false},"excerpt":{"rendered":"<p>Bravo \u00e0 notre guide Alex qui organisait cette semaine sa premi\u00e8re \u00ab\u00a0Rando-Raclette Tracea\u00a0\u00bb ! A lire l&rsquo;avis laiss\u00e9 par notre client, on dirait que c&rsquo;\u00e9tait parfait ?\u00ab\u00a0Tr\u00e8s jolie balade adapt\u00e9e \u00e0 la capacit\u00e9 du groupe avec une excellente raclette \u00e0 midi et merci Alex pour ton excellent boulot et bonne humeur. Pascal\u00a0\u00bbEnvie d&rsquo;une sortie en [&hellip;]<\/p>\n","protected":false},"author":1,"featured_media":59573,"comment_status":"open","ping_status":"open","sticky":false,"template":"","format":"standard","meta":{"footnotes":""},"categories":[801],"tags":[808],"class_list":["post-59372","post","type-post","status-publish","format-standard","has-post-thumbnail","hentry","category-blog","tag-actualites"],"_links":{"self":[{"href":"https:\/\/www.tracea.ch\/en\/wp-json\/wp\/v2\/posts\/59372","targetHints":{"allow":["GET"]}}],"collection":[{"href":"https:\/\/www.tracea.ch\/en\/wp-json\/wp\/v2\/posts"}],"about":[{"href":"https:\/\/www.tracea.ch\/en\/wp-json\/wp\/v2\/types\/post"}],"author":[{"embeddable":true,"href":"https:\/\/www.tracea.ch\/en\/wp-json\/wp\/v2\/users\/1"}],"replies":[{"embeddable":true,"href":"https:\/\/www.tracea.ch\/en\/wp-json\/wp\/v2\/comments?post=59372"}],"version-history":[{"count":1,"href":"https:\/\/www.tracea.ch\/en\/wp-json\/wp\/v2\/posts\/59372\/revisions"}],"predecessor-version":[{"id":60028,"href":"https:\/\/www.tracea.ch\/en\/wp-json\/wp\/v2\/posts\/59372\/revisions\/60028"}],"wp:featuredmedia":[{"embeddable":true,"href":"https:\/\/www.tracea.ch\/en\/wp-json\/wp\/v2\/media\/59573"}],"wp:attachment":[{"href":"https:\/\/www.tracea.ch\/en\/wp-json\/wp\/v2\/media?parent=59372"}],"wp:term":[{"taxonomy":"category","embeddable":true,"href":"https:\/\/www.tracea.ch\/en\/wp-json\/wp\/v2\/categories?post=59372"},{"taxonomy":"post_tag","embeddable":true,"href":"https:\/\/www.tracea.ch\/en\/wp-json\/wp\/v2\/tags?post=59372"}],"curies":[{"name":"wp","href":"https:\/\/api.w.org\/{rel}","templated":true}]}}