{"id":59377,"date":"2025-05-10T10:54:39","date_gmt":"2025-05-10T08:54:39","guid":{"rendered":"https:\/\/monvtt.ch\/?p=32480"},"modified":"2026-08-23T11:22:41","modified_gmt":"2026-08-23T11:22:41","slug":"location-de-vtt-electriques-en-suisse-romande","status":"publish","type":"post","link":"https:\/\/www.tracea.ch\/en\/blog\/location-de-vtt-electriques-en-suisse-romande\/","title":{"rendered":"Location de VTT Electrique en Suisse Romande"},"content":{"rendered":"<h4>Voici quelques informations relatives \u00e0 la location de VTT Electrique en Suisse Romande.<\/h4>\n<p>Les VTT \u00e0 assistance \u00e9lectrique se d\u00e9clinent g\u00e9n\u00e9ralement en plusieurs segments Semi Rigide et Tout Suspendu. Le Semi Rigide avec sa suspension avant et son arri\u00e8re sans suspension, il est l\u00e9ger et assure une transmission efficace. Le Tout Suspendu \u00e0 l&rsquo;oppos\u00e9, avec une suspension \u00e0 l&rsquo;avant et \u00e0 l&rsquo;arri\u00e8re, il assure une traction maximale offrant une stabilit\u00e9 accrue.<\/p>\n<p>Quel est le processus pour louer un VTT \u00e9lectrique chez tracea.ch \u00e0 Saint-Cergue?<br \/>\nTout d&rsquo;abord pour louer un VTT ou VTT Electrique, il vous faudra suivre certaines \u00e9tapes que voici.<\/p>\n<p>Choisir votre v\u00e9lo sur notre page \u00ab\u00a0<a href=\"https:\/\/guide-vtt.ch\/location\/location-de-vtt-electrique\/\" target=\"_blank\" rel=\"noopener\">Location de VTT Electrique<\/a>\u00ab\u00a0, choisir la taille et l&rsquo;ajouter \u00e0 votre panier.<\/p>\n<p>Il suffit ensuite de valider votre panier et d&rsquo;indiquer les informations suivantes :<br \/>\nVotre identit\u00e9, votre adresse, votre t\u00e9l\u00e9phone et une adresse mail<br \/>\nUn message de confirmation vous sera envoy\u00e9 pour valider votre inscription.<br \/>\nLe paiement se fait directement au magasin le jour de votre venue.<\/p>\n<h5>Quelle est l&rsquo;autonomie de votre VTT Electrique ?<\/h5>\n<p>L&rsquo;autonomie des batteries Bosch d\u00e9pend de nombreux facteurs diff\u00e9rents. Gr\u00e2ce \u00e0 l<a href=\"https:\/\/www.bosch-ebike.com\/ch-fr\/lp\/vtt-a-assistance-electrique-powered-by-bosch-ebike\/?gad=1&amp;gclid=CjwKCAjwge2iBhBBEiwAfXDBR8J3w3UKKru1oo3iZilGArnMXcc-5x7CCdIBIJ7VFJ_jIUS-4eRsqxoCa50QAvD_BwE\" target=\"_blank\" rel=\"noopener\">Assistant d&rsquo;Autonomie<\/a>, vous pouvez d\u00e9terminer, au moyen de diverses conditions, le nombre de kilom\u00e8tres que vous pourrez parcourir avec votre syst\u00e8me VAE lors de votre prochaine excursion.<\/p>\n<p>Voici quelques informations technique sur les VTT Electrique en location chez Tracea \u00e0 Saint-Cergue :<\/p>\n<p>V\u00c9LO SCOTT ASPECT eRIDE 930<br \/>\nLe SCOTT Aspect eRIDE 930 dispose d\u2019une technologie d\u2019assistance \u00e9lectrique \u00e9prouv\u00e9e le tout int\u00e9gr\u00e9 dans un package confortable, pour des heures de VTT sur vos sentiers favoris Dot\u00e9 d\u2019une batterie int\u00e9gr\u00e9e et assist\u00e9 par un moteur Bosch de 625 Wh, l\u2019Aspect eRIDE vous permettra de rouler pendant des heures. Porte-bagages et garde-boue disponibles.<\/p>\n<p>CARACT\u00c9RISTIQUES CL\u00c9ES<br \/>\nCadre en aluminium Aspect eRIDE<br \/>\nFourche SR Suntour 120 mm<br \/>\nShimano Deore 10 vitesses<br \/>\nMoteur Bosch Perf. Line, PowerTube 625Wh jusqu\u2019\u00e0 1 125 Wh<br \/>\nFreins \u00e0 disque Shimano<br \/>\nPneus Kenda<br \/>\nComposants Syncros<br \/>\nC\u00e2ble \u00e9clairage Bosch Av. et Ar.<\/p>\n<div style=\"width: 800px;\" class=\"wp-video\"><video class=\"wp-video-shortcode\" id=\"video-59377-1\" width=\"800\" height=\"450\" preload=\"metadata\" controls=\"controls\"><source type=\"video\/mp4\" src=\"https:\/\/guide-vtt.ch\/wp-content\/uploads\/2023\/05\/280740X_2.mp4?_=1\" \/><a href=\"https:\/\/guide-vtt.ch\/wp-content\/uploads\/2023\/05\/280740X_2.mp4\" target=\"_blank\" rel=\"noopener\">https:\/\/guide-vtt.ch\/wp-content\/uploads\/2023\/05\/280740X_2.mp4<\/a><\/video><\/div>","protected":false},"excerpt":{"rendered":"<p>Voici quelques informations relatives \u00e0 la location de VTT Electrique en Suisse Romande. Les VTT \u00e0 assistance \u00e9lectrique se d\u00e9clinent g\u00e9n\u00e9ralement en plusieurs segments Semi Rigide et Tout Suspendu. Le Semi Rigide avec sa suspension avant et son arri\u00e8re sans suspension, il est l\u00e9ger et assure une transmission efficace. Le Tout Suspendu \u00e0 l&rsquo;oppos\u00e9, avec [&hellip;]<\/p>\n","protected":false},"author":1,"featured_media":59632,"comment_status":"closed","ping_status":"closed","sticky":false,"template":"","format":"standard","meta":{"footnotes":""},"categories":[801],"tags":[808,803],"class_list":["post-59377","post","type-post","status-publish","format-standard","has-post-thumbnail","hentry","category-blog","tag-actualites","tag-location"],"_links":{"self":[{"href":"https:\/\/www.tracea.ch\/en\/wp-json\/wp\/v2\/posts\/59377","targetHints":{"allow":["GET"]}}],"collection":[{"href":"https:\/\/www.tracea.ch\/en\/wp-json\/wp\/v2\/posts"}],"about":[{"href":"https:\/\/www.tracea.ch\/en\/wp-json\/wp\/v2\/types\/post"}],"author":[{"embeddable":true,"href":"https:\/\/www.tracea.ch\/en\/wp-json\/wp\/v2\/users\/1"}],"replies":[{"embeddable":true,"href":"https:\/\/www.tracea.ch\/en\/wp-json\/wp\/v2\/comments?post=59377"}],"version-history":[{"count":1,"href":"https:\/\/www.tracea.ch\/en\/wp-json\/wp\/v2\/posts\/59377\/revisions"}],"predecessor-version":[{"id":60005,"href":"https:\/\/www.tracea.ch\/en\/wp-json\/wp\/v2\/posts\/59377\/revisions\/60005"}],"wp:featuredmedia":[{"embeddable":true,"href":"https:\/\/www.tracea.ch\/en\/wp-json\/wp\/v2\/media\/59632"}],"wp:attachment":[{"href":"https:\/\/www.tracea.ch\/en\/wp-json\/wp\/v2\/media?parent=59377"}],"wp:term":[{"taxonomy":"category","embeddable":true,"href":"https:\/\/www.tracea.ch\/en\/wp-json\/wp\/v2\/categories?post=59377"},{"taxonomy":"post_tag","embeddable":true,"href":"https:\/\/www.tracea.ch\/en\/wp-json\/wp\/v2\/tags?post=59377"}],"curies":[{"name":"wp","href":"https:\/\/api.w.org\/{rel}","templated":true}]}}