{"id":59386,"date":"2023-10-13T16:28:50","date_gmt":"2023-10-13T14:28:50","guid":{"rendered":"https:\/\/monvtt.ch\/?p=33425"},"modified":"2026-08-23T11:22:41","modified_gmt":"2026-08-23T11:22:41","slug":"monvtt-ch-et-sb-sport-vous-remercient-pour-votre-participation","status":"publish","type":"post","link":"https:\/\/www.tracea.ch\/en\/blog\/monvtt-ch-et-sb-sport-vous-remercient-pour-votre-participation\/","title":{"rendered":"tracea.ch et SB Sport vous remercient pour votre participation"},"content":{"rendered":"<p>tracea.ch et SB Sport vous remercient pour votre participation<\/p>\n<p>Le soleil \u00e9tait au rendez-vous pour cette premi\u00e8re \u00e9dition de notre journ\u00e9e test \u00e0 Saint-Cergue. Vous avez r\u00e9pondu pr\u00e9sent et nous tenons \u00e0 vous remercier ! Plus de 60 personnes ont particip\u00e9es \u00e0 nos sorties guid\u00e9es, c&rsquo;\u00e9tait fabuleux. D&rsquo;autres se sont affront\u00e9s sur notre dual slalom ou encore sur le parcours trial am\u00e9nag\u00e9 pour l&rsquo;occasion.<\/p>\n<p>Le succ\u00e8s de cette premi\u00e8re \u00e9dition en appellera probablement une 2\u00e8me, affaire \u00e0 suivre.<\/p>\n<p>Nous vous rappelons que jusqu&rsquo;au 22 octobre, vous b\u00e9n\u00e9ficier d&rsquo;une offre promotionnelle sur l&rsquo;achat de votre nouveau v\u00e9lo.<\/p>\n<p>\u00a0<\/p>","protected":false},"excerpt":{"rendered":"<p>tracea.ch et SB Sport vous remercient pour votre participation Le soleil \u00e9tait au rendez-vous pour cette premi\u00e8re \u00e9dition de notre journ\u00e9e test \u00e0 Saint-Cergue. Vous avez r\u00e9pondu pr\u00e9sent et nous tenons \u00e0 vous remercier ! Plus de 60 personnes ont particip\u00e9es \u00e0 nos sorties guid\u00e9es, c&rsquo;\u00e9tait fabuleux. D&rsquo;autres se sont affront\u00e9s sur notre dual slalom [&hellip;]<\/p>\n","protected":false},"author":1,"featured_media":59666,"comment_status":"closed","ping_status":"closed","sticky":false,"template":"","format":"standard","meta":{"footnotes":""},"categories":[801],"tags":[808,891,831],"class_list":["post-59386","post","type-post","status-publish","format-standard","has-post-thumbnail","hentry","category-blog","tag-actualites","tag-vtt-electrique","tag-vtt-jura"],"_links":{"self":[{"href":"https:\/\/www.tracea.ch\/en\/wp-json\/wp\/v2\/posts\/59386","targetHints":{"allow":["GET"]}}],"collection":[{"href":"https:\/\/www.tracea.ch\/en\/wp-json\/wp\/v2\/posts"}],"about":[{"href":"https:\/\/www.tracea.ch\/en\/wp-json\/wp\/v2\/types\/post"}],"author":[{"embeddable":true,"href":"https:\/\/www.tracea.ch\/en\/wp-json\/wp\/v2\/users\/1"}],"replies":[{"embeddable":true,"href":"https:\/\/www.tracea.ch\/en\/wp-json\/wp\/v2\/comments?post=59386"}],"version-history":[{"count":1,"href":"https:\/\/www.tracea.ch\/en\/wp-json\/wp\/v2\/posts\/59386\/revisions"}],"predecessor-version":[{"id":60014,"href":"https:\/\/www.tracea.ch\/en\/wp-json\/wp\/v2\/posts\/59386\/revisions\/60014"}],"wp:featuredmedia":[{"embeddable":true,"href":"https:\/\/www.tracea.ch\/en\/wp-json\/wp\/v2\/media\/59666"}],"wp:attachment":[{"href":"https:\/\/www.tracea.ch\/en\/wp-json\/wp\/v2\/media?parent=59386"}],"wp:term":[{"taxonomy":"category","embeddable":true,"href":"https:\/\/www.tracea.ch\/en\/wp-json\/wp\/v2\/categories?post=59386"},{"taxonomy":"post_tag","embeddable":true,"href":"https:\/\/www.tracea.ch\/en\/wp-json\/wp\/v2\/tags?post=59386"}],"curies":[{"name":"wp","href":"https:\/\/api.w.org\/{rel}","templated":true}]}}