{"id":59387,"date":"2023-10-25T11:22:35","date_gmt":"2023-10-25T09:22:35","guid":{"rendered":"https:\/\/monvtt.ch\/?p=33515"},"modified":"2023-10-25T11:22:35","modified_gmt":"2023-10-25T09:22:35","slug":"nos-dernieres-sorties-guidees-en-vtt-enduro","status":"publish","type":"post","link":"https:\/\/www.tracea.ch\/en\/blog\/nos-dernieres-sorties-guidees-en-vtt-enduro\/","title":{"rendered":"Nos derni\u00e8res sorties guid\u00e9es en VTT Enduro."},"content":{"rendered":"<p>Retour sur nos 3 derniers jours sur le v\u00e9lo !<\/p>\n<p>Au programme de samedi, une jolie sortie d&rsquo;entreprise en VTT Electrique avec une \u00e9quipe motiv\u00e9e et dynamique. Les environs de Saint-Cergue sont toujours aussi envo\u00fbtants \u00e0 cette saison \ud83c\udf41\ud83c\udf42<\/p>\n<p>\ud83d\udd25\ud83d\udd25\ud83d\udd25\ud83d\udd25 Dimanche \u00e9tait plac\u00e9 sous le signe de l&rsquo;action avec une grosse journ\u00e9e enduro \u00e0 travers le massif du Jura Vaudois \ud83c\udf32\ud83c\udf3f Merci \u00e0 la fine \u00e9quipe de fous furieux !<\/p>\n<p>Lundi, on reprend tranquillement la semaine avec Pierre, venue du Valais pour un coaching priv\u00e9. \ud83d\udeb5\u200d\u2642\ufe0f<br \/>\nEt pour chacune de ces sorties, nous sommes pass\u00e9s entre les gouttes !\ud83c\udf24<br \/>\nMerci \u00e0 nos nombreux clients pour leur confiance et \u00e0 l&rsquo;ensemble de nos guides qui font leur job avec passion !<br \/>\nOn se voit quand sur le v\u00e9lo ?<\/p>\n<p>#vttenduro #yeticycles #scottbikes #ebikeadventures #gravelbikes #mountainslovers #coachingsportif #NaturalBeauty #excursion #dirtbike #switzerlandtravel #lovemtb #mtbswitzerland #traillove #ridewithguide #mtblifestyle #enduromtb #inlovewithswitzerland #myswitzerland #visitswitzerland #saintcergue #myvaud #jurasurleman<\/p>","protected":false},"excerpt":{"rendered":"<p>Retour sur nos 3 derniers jours sur le v\u00e9lo ! Au programme de samedi, une jolie sortie d&rsquo;entreprise en VTT Electrique avec une \u00e9quipe motiv\u00e9e et dynamique. Les environs de Saint-Cergue sont toujours aussi envo\u00fbtants \u00e0 cette saison \ud83c\udf41\ud83c\udf42 \ud83d\udd25\ud83d\udd25\ud83d\udd25\ud83d\udd25 Dimanche \u00e9tait plac\u00e9 sous le signe de l&rsquo;action avec une grosse journ\u00e9e enduro \u00e0 travers [&hellip;]<\/p>\n","protected":false},"author":1,"featured_media":59668,"comment_status":"closed","ping_status":"closed","sticky":false,"template":"","format":"standard","meta":{"footnotes":""},"categories":[801],"tags":[808,802],"class_list":["post-59387","post","type-post","status-publish","format-standard","has-post-thumbnail","hentry","category-blog","tag-actualites","tag-sorties-excursions"],"_links":{"self":[{"href":"https:\/\/www.tracea.ch\/en\/wp-json\/wp\/v2\/posts\/59387","targetHints":{"allow":["GET"]}}],"collection":[{"href":"https:\/\/www.tracea.ch\/en\/wp-json\/wp\/v2\/posts"}],"about":[{"href":"https:\/\/www.tracea.ch\/en\/wp-json\/wp\/v2\/types\/post"}],"author":[{"embeddable":true,"href":"https:\/\/www.tracea.ch\/en\/wp-json\/wp\/v2\/users\/1"}],"replies":[{"embeddable":true,"href":"https:\/\/www.tracea.ch\/en\/wp-json\/wp\/v2\/comments?post=59387"}],"version-history":[{"count":0,"href":"https:\/\/www.tracea.ch\/en\/wp-json\/wp\/v2\/posts\/59387\/revisions"}],"wp:featuredmedia":[{"embeddable":true,"href":"https:\/\/www.tracea.ch\/en\/wp-json\/wp\/v2\/media\/59668"}],"wp:attachment":[{"href":"https:\/\/www.tracea.ch\/en\/wp-json\/wp\/v2\/media?parent=59387"}],"wp:term":[{"taxonomy":"category","embeddable":true,"href":"https:\/\/www.tracea.ch\/en\/wp-json\/wp\/v2\/categories?post=59387"},{"taxonomy":"post_tag","embeddable":true,"href":"https:\/\/www.tracea.ch\/en\/wp-json\/wp\/v2\/tags?post=59387"}],"curies":[{"name":"wp","href":"https:\/\/api.w.org\/{rel}","templated":true}]}}