{"id":59392,"date":"2024-01-28T12:11:23","date_gmt":"2024-01-28T11:11:23","guid":{"rendered":"https:\/\/monvtt.ch\/?p=33743"},"modified":"2024-01-28T12:11:23","modified_gmt":"2024-01-28T11:11:23","slug":"essai-trek-slash-9-8","status":"publish","type":"post","link":"https:\/\/www.tracea.ch\/en\/blog\/essai-trek-slash-9-8\/","title":{"rendered":"Le nouveau TREK Slash 9.8 XT 6e g\u00e9n\u00e9ration en test chez Monvtt.ch"},"content":{"rendered":"<p>Le<a href=\"https:\/\/www.trekbikes.com\/ch\/fr_CH\/v%C3%A9los\/vtt\/vtt-trail\/slash\/slash-9-8-xt-6e-g%C3%A9n-\/p\/41814\/?colorCode=grey\" target=\"_blank\" rel=\"noopener\"> Slash 9.8 GX<\/a> est un VTT d\u2019enduro en carbone qui n\u2019a pas peur des descentes terrifiantes. Il poss\u00e8de un cadre en OCLV Mountain Carbon et une suspension \u00e0 pivot haut de 170 mm de d\u00e9battement pour avaler les rochers et maintenir une accroche id\u00e9ale dans les descentes escarp\u00e9es et les c\u00f4tes intenses. Les roues de 29 pouces \u00e0 l\u2019avant et de 27,5 pouces \u00e0 l\u2019arri\u00e8re donnent un comportement ludique, tandis que l\u2019ensemble de suspension Rockshox am\u00e9lior\u00e9 est pr\u00eat \u00e0 relever tous les d\u00e9fis. Une transmission Shimano XT vient compl\u00e9ter le tout pour des changements de vitesse nets.<\/p>\n<h3 class=\"header--md mb-1\">Ceci vous convient si&#8230;<\/h3>\n<p>Vous recherchez un v\u00e9lo d\u2019enduro en carbone, agressif dans les descentes et agile dans les mont\u00e9es. Vous recherchez l\u2019accroche et la stabilit\u00e9 qu\u2019offre une suspension \u00e0 pivot haut et vous appr\u00e9ciez le long d\u00e9battement pour absorber les grosses racines et les grands drops. Vous aimez les am\u00e9liorations et vous adorez les avantages d\u2019une transmission sans fil et de roues en carbone.<\/p>\n<h3 class=\"header--md mb-1\">Technologies propos\u00e9es<\/h3>\n<p>Un cadre en OCLV Mountain Carbon avec suspension \u00e0 pivot haut, sans oublier un espace de rangement interne. D\u00e9battement de 170 mm \u00e0 l\u2019avant et \u00e0 l\u2019arri\u00e8re avec une fourche RockShox ZEB Select+ \u00e0 ressort DebonAir et cartouche d\u2019amortissement Charger 3 RC2 et amortisseur RockShox Vivid Select+. Assez de rapports pour retourner au sommet gr\u00e2ce \u00e0 la transmission Shimano XT, une tige de selle t\u00e9lescopique Bontrager Line Dropper et un mix de roues en carbone Bontrager Line Elite 30 Tubeless Ready de 29 pouces \u00e0 l\u2019avant et 27,5 pouces \u00e0 l\u2019arri\u00e8re mont\u00e9es sur un moyeu Rapid Drive.<\/p>\n<h3 class=\"header--md mb-1\">Le dernier mot<\/h3>\n<p>Pour les pilotes qui recherchent les performances du carbone et un ensemble soigneusement s\u00e9lectionn\u00e9 de composants sup\u00e9rieurs, le Slash 9.8 XT est pr\u00eat \u00e0 se lancer sur les trails. Il propose 170 mm de d\u00e9battement \u00e0 l\u2019avant et \u00e0 l\u2019arri\u00e8re, une suspension et une transmission am\u00e9lior\u00e9es et des roues en carbone pour pouvoir grimper avec l\u00e9g\u00e8ret\u00e9 et descendre \u00e0 fond.<\/p>\n<p>&nbsp;<\/p>\n<h3 class=\"header--md mb-1\">\u00a0Pourquoi vous allez l&rsquo;aimer<\/h3>\n<ol class=\"kf-ordered\">\n<li class=\"mb-1 pl-4\">Sa suspension \u00e0 pivot haut vous donne une ma\u00eetrise incroyable dans les descentes d\u00e9licates tandis que l\u2019anti-squat soigneusement r\u00e9gl\u00e9 et les galets surdimensionn\u00e9s donnent un p\u00e9dalage \u00e9tonnamment efficace.<\/li>\n<li class=\"mb-1 pl-4\">Le long d\u00e9battement de 170 mm \u00e0 l\u2019avant comme \u00e0 l\u2019arri\u00e8re est plus que suffisant pour g\u00e9rer les gros impacts et franchir les rock gardens.<\/li>\n<li class=\"mb-1 pl-4\">Le cadre et les roues en OCLV Mountain Carbon permettent d\u2019obtenir un v\u00e9lo l\u00e9ger, rigide aux bons endroits et confortable et silencieux dans les champs de cailloux.<\/li>\n<li class=\"mb-1 pl-4\">Il est livr\u00e9 avec un mix de roues qui consiste en une roue de 29 pouces rapide \u00e0 l\u2019avant et une roue de 27,5 pouces, rigide, mais agile, \u00e0 l\u2019arri\u00e8re. Il peut \u00eatre converti en 29er pour un gain de vitesse.<\/li>\n<li class=\"mb-1 pl-4\">Vous pouvez adapter le Slash \u00e0 votre style de pilotage et aux trails que vous empruntez gr\u00e2ce \u00e0 la courbe de ration r\u00e9glable, \u00e0 la fixation d\u2019amortisseur inf\u00e9rieure \u00e0 boulon qui permet de passer \u00e0 une configuration 29er et au jeu de direction \u00e0 angle modifiable (vendu s\u00e9par\u00e9ment)<\/li>\n<\/ol>","protected":false},"excerpt":{"rendered":"<p>Le Slash 9.8 GX est un VTT d\u2019enduro en carbone qui n\u2019a pas peur des descentes terrifiantes. Il poss\u00e8de un cadre en OCLV Mountain Carbon et une suspension \u00e0 pivot haut de 170 mm de d\u00e9battement pour avaler les rochers et maintenir une accroche id\u00e9ale dans les descentes escarp\u00e9es et les c\u00f4tes intenses. Les roues [&hellip;]<\/p>\n","protected":false},"author":1,"featured_media":59674,"comment_status":"closed","ping_status":"closed","sticky":false,"template":"","format":"standard","meta":{"footnotes":""},"categories":[801],"tags":[808,831],"class_list":["post-59392","post","type-post","status-publish","format-standard","has-post-thumbnail","hentry","category-blog","tag-actualites","tag-vtt-jura"],"_links":{"self":[{"href":"https:\/\/www.tracea.ch\/en\/wp-json\/wp\/v2\/posts\/59392","targetHints":{"allow":["GET"]}}],"collection":[{"href":"https:\/\/www.tracea.ch\/en\/wp-json\/wp\/v2\/posts"}],"about":[{"href":"https:\/\/www.tracea.ch\/en\/wp-json\/wp\/v2\/types\/post"}],"author":[{"embeddable":true,"href":"https:\/\/www.tracea.ch\/en\/wp-json\/wp\/v2\/users\/1"}],"replies":[{"embeddable":true,"href":"https:\/\/www.tracea.ch\/en\/wp-json\/wp\/v2\/comments?post=59392"}],"version-history":[{"count":0,"href":"https:\/\/www.tracea.ch\/en\/wp-json\/wp\/v2\/posts\/59392\/revisions"}],"wp:featuredmedia":[{"embeddable":true,"href":"https:\/\/www.tracea.ch\/en\/wp-json\/wp\/v2\/media\/59674"}],"wp:attachment":[{"href":"https:\/\/www.tracea.ch\/en\/wp-json\/wp\/v2\/media?parent=59392"}],"wp:term":[{"taxonomy":"category","embeddable":true,"href":"https:\/\/www.tracea.ch\/en\/wp-json\/wp\/v2\/categories?post=59392"},{"taxonomy":"post_tag","embeddable":true,"href":"https:\/\/www.tracea.ch\/en\/wp-json\/wp\/v2\/tags?post=59392"}],"curies":[{"name":"wp","href":"https:\/\/api.w.org\/{rel}","templated":true}]}}